{"id":4571,"date":"2025-11-17T12:59:54","date_gmt":"2025-11-17T11:59:54","guid":{"rendered":"https:\/\/festspiele-taggenbrunn.at\/?p=4571"},"modified":"2026-04-06T19:34:12","modified_gmt":"2026-04-06T17:34:12","slug":"max-mueller-ja-prost-die-mahlzeit","status":"publish","type":"post","link":"https:\/\/festspiele-taggenbrunn.at\/sl\/max-mueller-ja-prost-die-mahlzeit\/","title":{"rendered":"MAX M\u00dcLLER \u2013 Ja, na zdravje!"},"content":{"rendered":"<div class=\"wpb-content-wrapper\"><section class=\"light-wrapper normal-padding vc_row wpb_row vc_row-fluid light-wrapper normal-padding vc_custom_1563789407204\"><div class=\"container\"><div class=\"row\"><div class=\"wpb_column vc_column_container col-sm-12\"><div class=\"vc_column-inner\"><div class=\"wpb_wrapper\">\n\t<div class=\"wpb_text_column wpb_content_element  vc_custom_1563428697698\" >\n\t\t<div class=\"wpb_wrapper\">\n\t\t\t<h4 style=\"text-align: center;\">Glasba in besede<\/h4>\n\n\t\t<\/div>\n\t<\/div>\n<h1 style=\"text-align: center\" class=\"vc_custom_heading post-title\" >MAX M\u00dcLLER \u2013 Ja, na zdravje!<\/h1>\n\t<div class=\"wpb_text_column wpb_content_element  vc_custom_1575473441927 post-date-time\" >\n\t\t<div class=\"wpb_wrapper\">\n\t\t\t<h5 style=\"text-align: center;\"><span>Pet<\/span> <span>29.<\/span> <span>maj<\/span> <span>2026<\/span><br \/>\n<span class=\"post-time\">20:00<\/span><\/h5>\n<div class=\"post-pricing\" style=\"text-align: center;\"><div class=\"entry-karten karten-1\">\u20ac 84<\/div><div class=\"entry-karten karten-2\">\u20ac 70<\/div><div class=\"entry-karten karten-3\">\u20ac 54<\/div><\/div>\n<p style=\"text-align: center; margin-top: 20px;\"><div class=\"vc_btn3-container entry-button vc_btn3-center\" style=\"margin: 21px 0;\"><a class=\"vc_general vc_btn3 vc_btn3-size-md vc_btn3-shape-square vc_btn3-style-outline vc_btn3-icon-right vc_btn3-color-chino\" style=\"border-bottom:2px solid #7c7640;\" href=\"#saalplan\" title=\"Rezervirajte vstopnice\">VSTOPNICE <i class=\"vc_btn3-icon fa fa-angle-right\"><\/i><\/a><\/div>\n\n\t\t<\/div>\n\t<\/div>\n<\/div><\/div><\/div><\/div><\/div><\/section><section class=\"light-wrapper normal-padding vc_row wpb_row vc_row-fluid light-wrapper normal-padding\"><div class=\"container\"><div class=\"row\"><div class=\"wpb_column vc_column_container col-sm-5\"><div class=\"vc_column-inner\"><div class=\"wpb_wrapper\">\n\t<div  class=\"wpb_single_image wpb_content_element vc_align_left  vc_custom_1563789399289\">\n\t\t\n\t\t<figure class=\"wpb_wrapper vc_figure\">\n\t\t\t<div class=\"vc_single_image-wrapper vc_box_shadow  vc_box_border_grey\"><img loading=\"lazy\" decoding=\"async\" data-vc-zoom=\"https:\/\/festspiele-taggenbrunn.at\/wp-content\/uploads\/Foto-6-Copyright-Linda-Gschwentner-klein-1024x998.jpg\" width=\"2560\" height=\"2495\" src=\"https:\/\/festspiele-taggenbrunn.at\/wp-content\/uploads\/Foto-6-Copyright-Linda-Gschwentner-klein-scaled.jpg\" class=\"vc_single_image-img attachment-full\" alt=\"\" title=\"Foto 6 Avtorske pravice Linda Gschwentner majhna\" srcset=\"https:\/\/festspiele-taggenbrunn.at\/wp-content\/uploads\/Foto-6-Copyright-Linda-Gschwentner-klein-scaled.jpg 2560w, https:\/\/festspiele-taggenbrunn.at\/wp-content\/uploads\/Foto-6-Copyright-Linda-Gschwentner-klein-300x292.jpg 300w, https:\/\/festspiele-taggenbrunn.at\/wp-content\/uploads\/Foto-6-Copyright-Linda-Gschwentner-klein-1024x998.jpg 1024w, https:\/\/festspiele-taggenbrunn.at\/wp-content\/uploads\/Foto-6-Copyright-Linda-Gschwentner-klein-768x748.jpg 768w, https:\/\/festspiele-taggenbrunn.at\/wp-content\/uploads\/Foto-6-Copyright-Linda-Gschwentner-klein-1536x1497.jpg 1536w, https:\/\/festspiele-taggenbrunn.at\/wp-content\/uploads\/Foto-6-Copyright-Linda-Gschwentner-klein-2048x1996.jpg 2048w\" sizes=\"(max-width: 2560px) 100vw, 2560px\" \/><\/div><figcaption class=\"vc_figure-caption\">Max M\u00fcller<\/figcaption>\n\t\t<\/figure>\n\t<\/div>\n<\/div><\/div><\/div><div class=\"wpb_column vc_column_container col-sm-3\"><div class=\"vc_column-inner\"><div class=\"wpb_wrapper\"><h3 style=\"text-align: left\" class=\"vc_custom_heading post-info-header\" >UMETNIKI<\/h3>\n\t<div class=\"wpb_text_column wpb_content_element\" >\n\t\t<div class=\"wpb_wrapper\">\n\t\t\t<a href=\"#kuenstler\"><h5 class=\"post-interpret\">Max M\u00fcller<\/h5><\/a><span class=\"post-interpret-role\">Bariton<\/span><span class=\"post-interpret-role\">Recitacija<\/span><a href=\"#kuenstler\"><h5 class=\"post-interpret\">Volker Nemmer<\/h5><\/a><span class=\"post-interpret-role\">Klavir<\/span>\n\n\t\t<\/div>\n\t<\/div>\n<\/div><\/div><\/div><div class=\"wpb_column vc_column_container col-sm-4\"><div class=\"vc_column-inner\"><div class=\"wpb_wrapper\">\n\t<div class=\"wpb_text_column wpb_content_element  vc_custom_1563526810355\" >\n\t\t<div class=\"wpb_wrapper\">\n\t\t\t\n\n\t\t<\/div>\n\t<\/div>\n\n\t<div class=\"wpb_text_column wpb_content_element  vc_custom_1563526833175\" >\n\t\t<div class=\"wpb_wrapper\">\n\t\t\t\n\n\t\t<\/div>\n\t<\/div>\n\n\t<div class=\"wpb_text_column wpb_content_element\" >\n\t\t<div class=\"wpb_wrapper\">\n\t\t\t\n\n\t\t<\/div>\n\t<\/div>\n<\/div><\/div><\/div><\/div><\/div><\/section><div class=\"row light-wrapper  light-wrapper normal-padding  light-wrapper normal-padding\"><div class=\"wpb_column vc_column_container col-sm-12\"><div class=\"vc_column-inner\"><div class=\"wpb_wrapper\"><section class=\"page-title page-title-3 bg-secondary\">\n\t\t\t\t<div class=\"container\">\n\t\t\t\t    <div class=\"row\">\n\t\t\t\t    \n\t\t\t\t        <div class=\"col-sm-12 text-center\">\n\t\t\t\t            <h3 class=\"uppercase mb0\">\n\t\t\t\t            \t PROGRAM\n\t\t\t\t            <\/h3>\n\t\t\t\t        <\/div>\n\t\t\t\t    <\/div>\n\t\t\t\t<\/div>\n\t\t\t\t<ol class=\"breadcrumb breadcrumb-2\"><li><a href=\"https:\/\/festspiele-taggenbrunn.at\/sl\/\" class=\"home-link\" rel=\"home\">Domov<\/a><\/li><li class=\"active\">MAX M\u00dcLLER \u2013 Ja, na zdravje!<\/li><\/ol>\n\t\t\t<\/section>\n\t\t<\/div><\/div><\/div><\/div><section class=\"light-wrapper normal-padding vc_row wpb_row vc_row-fluid light-wrapper normal-padding\"><div class=\"container\"><div class=\"row\"><div class=\"wpb_column vc_column_container col-sm-2\"><div class=\"vc_column-inner\"><div class=\"wpb_wrapper\"><\/div><\/div><\/div><div class=\"wpb_column vc_column_container col-sm-8\"><div class=\"vc_column-inner\"><div class=\"wpb_wrapper\"><div class=\"vc_acf post-program vc_txt_align_left field_5d2ece01bf4f8\"><p><strong>Max M\u00fcller<\/strong>, bariton in recitacija\u00a0\u00a0\u00a0\u00a0\u00a0\u00a0\u00a0\u00a0\u00a0\u00a0\u00a0\u00a0\u00a0\u00a0\u00a0\u00a0\u00a0\u00a0\u00a0\u00a0\u00a0\u00a0\u00a0\u00a0\u00a0\u00a0\u00a0\u00a0\u00a0\u00a0\u00a0\u00a0\u00a0\u00a0\u00a0\u00a0\u00a0\u00a0\u00a0\u00a0\u00a0\u00a0\u00a0\u00a0\u00a0\u00a0\u00a0\u00a0\u00a0\u00a0\u00a0\u00a0\u00a0\u00a0\u00a0\u00a0\u00a0\u00a0\u00a0\u00a0\u00a0\u00a0\u00a0\u00a0\u00a0\u00a0\u00a0\u00a0\u00a0\u00a0\u00a0\u00a0\u00a0\u00a0\u00a0\u00a0\u00a0\u00a0\u00a0\u00a0\u00a0\u00a0\u00a0\u00a0\u00a0\u00a0\u00a0\u00a0\u00a0\u00a0\u00a0\u00a0\u00a0\u00a0\u00a0\u00a0\u00a0\u00a0\u00a0\u00a0\u00a0\u00a0\u00a0\u00a0\u00a0\u00a0\u00a0\u00a0\u00a0\u00a0\u00a0\u00a0\u00a0\u00a0\u00a0\u00a0\u00a0\u00a0\u00a0\u00a0\u00a0\u00a0\u00a0\u00a0\u00a0\u00a0\u00a0\u00a0\u00a0\u00a0\u00a0\u00a0\u00a0\u00a0\u00a0 <strong>Volker Nemmer<\/strong>, Klavir<\/p>\n<p><em><strong>Da, na zdravje za obrok<\/strong><\/em> - Kulinari\u010dni u\u017eitki od Kasnudla do Powidltatschkerla - od C\u00f4te du Rh\u00f4ne do Gumpoldskirchna.<br \/>\n\"Ja, Prost die Mahlzeit\" ni le citat iz pesmi Franza Grillparzerja \"Wehe dem, der l\u00fcgt\", temve\u010d tudi naslov glasbeno-literarnega programa Maxa M\u00fcllerja, ki ga poznamo kot o\u010darljivega policista v televizijski seriji \"Die Rosenheim-Cops\".<br \/>\nS pesmimi Wolfganga Amadeusa Mozarta, Gioachina Rossinija in Leonarda Bernsteina do Roberta Stolza in Hermanna Leopoldija ter besedili Loriota, Heinza Erhardta in \"Tante Jolesch\" Friedricha Torberga je zagotovljen vesel, a tudi kontemplativen ve\u010der - s humorjem, globino in veliko okusa.<\/p>\n<\/div><\/div><\/div><\/div><div class=\"wpb_column vc_column_container col-sm-2\"><div class=\"vc_column-inner\"><div class=\"wpb_wrapper\"><\/div><\/div><\/div><\/div><\/div><\/section><a id=\"kuenstler\" class=\"in-page-link\" href=\"#\"><\/a><div class=\"row light-wrapper  light-wrapper normal-padding  light-wrapper normal-padding\"><div class=\"wpb_column vc_column_container col-sm-12\"><div class=\"vc_column-inner\"><div class=\"wpb_wrapper\"><section class=\"page-title page-title-3 bg-secondary\">\n\t\t\t\t<div class=\"container\">\n\t\t\t\t    <div class=\"row\">\n\t\t\t\t    \n\t\t\t\t        <div class=\"col-sm-12 text-center\">\n\t\t\t\t            <h3 class=\"uppercase mb0\">\n\t\t\t\t            \t UMETNIKI\n\t\t\t\t            <\/h3>\n\t\t\t\t        <\/div>\n\t\t\t\t    <\/div>\n\t\t\t\t<\/div>\n\t\t\t\t<ol class=\"breadcrumb breadcrumb-2\"><li><a href=\"https:\/\/festspiele-taggenbrunn.at\/sl\/\" class=\"home-link\" rel=\"home\">Domov<\/a><\/li><li class=\"active\">MAX M\u00dcLLER \u2013 Ja, na zdravje!<\/li><\/ol>\n\t\t\t<\/section>\n\t\t<\/div><\/div><\/div><\/div><section class=\"post-biografie light-wrapper normal-padding vc_row wpb_row vc_row-fluid post-biografie light-wrapper normal-padding\"><div class=\"container\"><div class=\"row\"><div class=\"wpb_column vc_column_container col-sm-12 col-md-offset-1 col-md-10 col-xs-12\"><div class=\"vc_column-inner\"><div class=\"wpb_wrapper\">\n\t<div class=\"wpb_text_column wpb_content_element  vc_custom_1563796036003\" >\n\t\t<div class=\"wpb_wrapper\">\n\t\t\t\n\t\t<div class=\"tabbed-content button-tabs text-center\">\n\t\t    <ul class=\"tabs\">\n\t\t        \n\t\t<li>\n\t\t    <div class=\"tab-title\">\n\t\t    \t<i class=\"icon\"><\/i>\n\t\t        <span>Max M\u00fcller<\/span>\n\t\t    <\/div>\n\t\t    <div class=\"tab-content\"><div id=\"attachment_4149\" style=\"width: 310px\" class=\"wp-caption alignleft\"><img loading=\"lazy\" decoding=\"async\" aria-describedby=\"caption-attachment-4149\" class=\"size-medium wp-image-4149\" src=\"https:\/\/festspiele-taggenbrunn.at\/wp-content\/uploads\/Foto-6-Copyright-Linda-Gschwentner-Kopie-scaled.jpg\" width=\"300\" height=\"200\" \/><\/p>\n<p id=\"caption-attachment-4149\" class=\"wp-caption-text\">Avtorske pravice Linda Gschwentner<\/p>\n<\/div>\n<article style=\"text-align: justify;\">\n<p>Igralec, pevec in zabavlja\u010d Max M\u00fcller je kot bavarski policijski ser\u017eant Michi Mohr v uspe\u0161ni seriji ZDF \"Die Rosenheim-Cops\" \u017ee dolgo kultna osebnost. Po \u0161tudiju na Univerzi za glasbo in upodabljajo\u010do umetnost na Dunaju se je igralska kariera Maxa M\u00fcllerja za\u010dela z glavno vlogo v celove\u010dernem filmu \"Fleischwolf\", za katero je bil nominiran za nagrado Maxa Oph\u00fclsa. Sledile so \u0161tevilne gostujo\u010de vloge v televizijskih serijah, kot so \"Kommissar Rex\", \"Schlosshotel Orth\" in \"SOKO Kitzb\u00fchel\", ter nastopi v televizijskih filmih \"Marie Bonaparte\" in \"Stefan Zweig\" in drugih. Max M\u00fcller je s svojimi odrskimi nastopi gostoval v priznanih avstrijskih in tujih gledali\u0161\u010dih, kot so Schauspielhaus Wien, Renaissance-Theater Berlin, Th\u00e9\u00e2tre de la Bastille v Parizu in Theater in der Josefstadt, kjer je bil med letoma 1993 in 2000 tudi stalni \u010dlan igralskega ansambla. Nastopal je tudi na festivalu v Reichenauu in na festivalu ob jezeru M\u00f6rbisch.<\/p>\n<p>Verjetno je manj znano, da je Max M\u00fcller tudi \u0161olan operni pevec, ki je \u0161tudiral na dunajski glasbeni univerzi pri priznanih u\u010diteljih, kot sta Charlotte Grubenmann in Kammers\u00e4nger Walter Berry. Leta 2002 je na Koro\u0161kem poletnem festivalu debitiral kot liri\u010dni baritonist v naslovni vlogi cerkvene opere \"Franziskus\". Pevec, ki so ga ob\u010dinstvo in kritiki zelo pohvalili, je med letoma 2004 in 2011 redno nastopal tudi na festivalu Gottfried von Einem. Max M\u00fcller pripravlja tudi razli\u010dne solisti\u010dne programe, od leta 2010 tudi za dunajski Musikverein. Umetnik se lahko pohvali s sodelovanjem s priznanimi umetniki, kot so Otto Schenk, Fritz Muliar, Heinz Marecek, Sissy L\u00f6winger, Gerda Fr\u00f6hlich, Werner Schneyder, J\u00f6rg Schneider, Gunter Kr\u00e4\u00e4, Walter Bannert, Erhard Riedlsperger, Cyprien Katsaris, Karin in Doris Adam, Oleg Maisenberg in Robert Holl. Med njegove uspe\u0161ne projekte zgo\u0161\u010denk sodijo posnetki \"Ewig Dein Mozart\" (2012), \"Weihnachten! Zgodbe. Songs. Gedichte\" (2014) skupaj z Elisabeth Daxer, \"Geschichte eines Nussknackers\" (2016) z M\u00fcnchenskim simfoni\u010dnim orkestrom in \"Tierisch\" (2017) z Volkerjem Nemmerjem.<\/p>\n<p>Max M\u00fcller je bil \u017ee nominiran za avstrijsko filmsko in televizijsko nagrado Romy v kategoriji \"Najbolj priljubljena igralska serija\/serija\". Leta 2008 je bil imenovan za bavarskega \u010dastnega komisarja, leta 2019 pa za hessenskega \u010dastnega komisarja. Vsestranski igralec je bil marca 2018 imenovan tudi za \"Koro\u0161ca leta\" v kategoriji \"Kultura\", svobodna de\u017eela Bavarska pa mu je podelila \"zvezdo varnosti\".<\/p>\n<\/article>\n<\/div>\n\t\t<\/li>\n\t\n\t\t<li>\n\t\t    <div class=\"tab-title\">\n\t\t    \t<i class=\"icon\"><\/i>\n\t\t        <span>Volker Nemmer<\/span>\n\t\t    <\/div>\n\t\t    <div class=\"tab-content\"><p><img loading=\"lazy\" decoding=\"async\" class=\"size-medium wp-image-3242\" src=\"https:\/\/festspiele-taggenbrunn.at\/wp-content\/uploads\/Volker-Nemmer.jpg\" width=\"300\" height=\"200\" \/><\/p>\n<article style=\"text-align: justify;\">\n<p>Volker Nemmer je kantavtor, komorni glasbenik in solist. \u0160tudiral je na Univerzi za glasbo in upodabljajo\u010do umetnost na Dunaju (instrumentalni in vokalni u\u010diteljski te\u010daj) in na dunajskem konservatoriju (spremljava in spremljava pesmi). Koncertna dejavnost v Avstriji, Nem\u010diji, Italiji, na Mad\u017earskem, Hrva\u0161kem, v Liechtensteinu, na \u0160vedskem, v \u0160vici, Franciji, Angliji in ZDA. Sodelovanje na \u0161tevilnih festivalih, med drugim na \"Concerti per l 'Europa\" v Benetkah, The Sound of Dreams (London), Wiener Musiksommer - Klangbogen, festivalu Colourscape, Koro\u0161kem poletju, festivalu H\u00f6rg\u00e4nge v Wiener Konzerthaus, festivalu Wien Modern, festivalu Allegro vivo, koncertnem ciklu Capriccio v dunajskem Musikvereinu, festivalu European Weeks Passau in \u0161tevilnih koncertih Jeunesse musicale (Bruckner Haus Linz). Od leta 2010 je Volker Nemmer redni gost dunajskega Musikvereina. Intenzivno umetni\u0161ko sodeluje s pevci Ullo Pilz, Maxom M\u00fcllerjem in Konradom Huberjem ter s Hermine Haselb\u00f6ck, Anno Mario Pammer, Adrianom Er\u00f6dom, Matthiasom Hausmannom, Robertom Hollom, Wolfgangom Holzmairjem, Alexandrom Kaimbacherjem, Thomasom Weinhapplom, Mario Zeffiri ter skladatelji Julijo Tsenovo, Dirkom D'Ase, Herwigom Reiterjem in Wolframom Wagnerjem.<\/p>\n<p>Umetni\u0161ko sodelovanje s skupino homunculus (1992-2004) in sodelovanje v seriji predstav \"Tanz im Exil\" v dunajskem Akademietheatru (balet dunajske Volksoper), na festivalu Impulstanz 2005, na festivalu \"\u00d6sterreich tanzt 08\" v Festspielhaus St. P\u00f6lten in na plesnem festivalu \"Ber\u00fchrungen\" 2008 v Odeonu.<\/p>\n<p>Zgo\u0161\u010denke z Maxom M\u00fcllerjem: Ewig Dein Mozart (2012), Tierisch! (2017) in s Konradom Huberjem: Fahrende Gesellen - Eine Zeitreise (2018).<\/p>\n<p>&nbsp;<\/p>\n<\/article>\n<\/div>\n\t\t<\/li>\n\t\n\t\t    <\/ul>\n\t\t<\/div>\n\t\n\n\t\t<\/div>\n\t<\/div>\n<\/div><\/div><\/div><\/div><\/div><\/section><div class=\"row light-wrapper  light-wrapper normal-padding  light-wrapper normal-padding\"><div class=\"wpb_column vc_column_container col-sm-12\"><div class=\"vc_column-inner\"><div class=\"wpb_wrapper\"><a id=\"saalplan\" class=\"in-page-link\" href=\"#\"><\/a><div class=\"row light-wrapper  light-wrapper normal-padding  light-wrapper normal-padding\"><div class=\"wpb_column vc_column_container col-sm-12\"><div class=\"vc_column-inner\"><div class=\"wpb_wrapper\"><section class=\"page-title page-title-3 bg-secondary\">\n\t\t\t\t<div class=\"container\">\n\t\t\t\t    <div class=\"row\">\n\t\t\t\t    \n\t\t\t\t        <div class=\"col-sm-12 text-center\">\n\t\t\t\t            <h3 class=\"uppercase mb0\">\n\t\t\t\t            \t VSTOPNICE\n\t\t\t\t            <\/h3>\n\t\t\t\t        <\/div>\n\t\t\t\t    <\/div>\n\t\t\t\t<\/div>\n\t\t\t\t<ol class=\"breadcrumb breadcrumb-2\"><li><a href=\"https:\/\/festspiele-taggenbrunn.at\/sl\/\" class=\"home-link\" rel=\"home\">Domov<\/a><\/li><li class=\"active\">MAX M\u00dcLLER \u2013 Ja, na zdravje!<\/li><\/ol>\n\t\t\t<\/section>\n\t\t<\/div><\/div><\/div><\/div><div class=\"row light-wrapper  light-wrapper normal-padding  light-wrapper normal-padding\"><div class=\"wpb_column vc_column_container col-sm-12\"><div class=\"vc_column-inner\"><div class=\"wpb_wrapper\"><div class=\"oeticket-frame\"><iframe style=\"min-height: 100vh\" id=\"oeticket_frame\" src=\"https:\/\/www.oeticket.com\/event\/festspiele-taggenbrunn-max-mueller-ja-prost-die-mahlzeit-burg-taggenbrunn-20959712\/?affiliate=I77\"><\/iframe><\/div><\/div><\/div><\/div><\/div><\/div><\/div><\/div><\/div>\n<\/div>","protected":false},"excerpt":{"rendered":"Musik &amp; Worte MAX M\u00dcLLER &#8211; Ja, Prost die Mahlzeit! Fr 29. Mai 2026 20:00 &euro; 84&euro; 70&euro; 54 TICKETS Max...","protected":false},"author":7,"featured_media":4481,"comment_status":"closed","ping_status":"open","sticky":false,"template":"","format":"standard","meta":{"_acf_changed":false,"inline_featured_image":false,"footnotes":""},"categories":[60],"tags":[],"class_list":["post-4571","post","type-post","status-publish","format-standard","has-post-thumbnail","hentry","category-musik-und-worte"],"acf":[],"yoast_head":"<!-- This site is optimized with the Yoast SEO plugin v23.6 - https:\/\/yoast.com\/wordpress\/plugins\/seo\/ -->\n<title>MAX M\u00dcLLER - Ja, Prost die Mahlzeit! &#183; Festspiele Taggenbrunn<\/title>\n<meta name=\"robots\" content=\"index, follow, max-snippet:-1, max-image-preview:large, max-video-preview:-1\" \/>\n<link rel=\"canonical\" href=\"https:\/\/festspiele-taggenbrunn.at\/sl\/max-mueller-ja-prost-die-mahlzeit\/\" \/>\n<meta property=\"og:locale\" content=\"sl_SI\" \/>\n<meta property=\"og:type\" content=\"article\" \/>\n<meta property=\"og:title\" content=\"MAX M\u00dcLLER - Ja, Prost die Mahlzeit! &#183; Festspiele Taggenbrunn\" \/>\n<meta property=\"og:url\" content=\"https:\/\/festspiele-taggenbrunn.at\/sl\/max-mueller-ja-prost-die-mahlzeit\/\" \/>\n<meta property=\"og:site_name\" content=\"Festspiele Taggenbrunn\" \/>\n<meta property=\"article:published_time\" content=\"2025-11-17T11:59:54+00:00\" \/>\n<meta property=\"article:modified_time\" content=\"2026-04-06T17:34:12+00:00\" \/>\n<meta property=\"og:image\" content=\"https:\/\/festspiele-taggenbrunn.at\/wp-content\/uploads\/Foto-6-Copyright-Linda-Gschwentner-klein-scaled.jpg\" \/>\n\t<meta property=\"og:image:width\" content=\"2560\" \/>\n\t<meta property=\"og:image:height\" content=\"2495\" \/>\n\t<meta property=\"og:image:type\" content=\"image\/jpeg\" \/>\n<meta name=\"author\" content=\"Arno Steinwieder\" \/>\n<meta name=\"twitter:card\" content=\"summary_large_image\" \/>\n<meta name=\"twitter:label1\" content=\"Written by\" \/>\n\t<meta name=\"twitter:data1\" content=\"Arno Steinwieder\" \/>\n\t<meta name=\"twitter:label2\" content=\"Est. reading time\" \/>\n\t<meta name=\"twitter:data2\" content=\"2 minuti\" \/>\n<script type=\"application\/ld+json\" class=\"yoast-schema-graph\">{\"@context\":\"https:\/\/schema.org\",\"@graph\":[{\"@type\":\"Article\",\"@id\":\"https:\/\/festspiele-taggenbrunn.at\/max-mueller-ja-prost-die-mahlzeit\/#article\",\"isPartOf\":{\"@id\":\"https:\/\/festspiele-taggenbrunn.at\/max-mueller-ja-prost-die-mahlzeit\/\"},\"author\":{\"name\":\"Arno Steinwieder\",\"@id\":\"https:\/\/festspiele-taggenbrunn.at\/#\/schema\/person\/e8922022d934367e30131abc485911b2\"},\"headline\":\"MAX M\u00dcLLER &#8211; Ja, Prost die Mahlzeit!\",\"datePublished\":\"2025-11-17T11:59:54+00:00\",\"dateModified\":\"2026-04-06T17:34:12+00:00\",\"mainEntityOfPage\":{\"@id\":\"https:\/\/festspiele-taggenbrunn.at\/max-mueller-ja-prost-die-mahlzeit\/\"},\"wordCount\":327,\"publisher\":{\"@id\":\"https:\/\/festspiele-taggenbrunn.at\/#organization\"},\"image\":{\"@id\":\"https:\/\/festspiele-taggenbrunn.at\/max-mueller-ja-prost-die-mahlzeit\/#primaryimage\"},\"thumbnailUrl\":\"https:\/\/festspiele-taggenbrunn.at\/wp-content\/uploads\/Foto-6-Copyright-Linda-Gschwentner-klein-scaled.jpg\",\"articleSection\":[\"Musik &amp; Worte\"],\"inLanguage\":\"sl-SI\"},{\"@type\":\"WebPage\",\"@id\":\"https:\/\/festspiele-taggenbrunn.at\/max-mueller-ja-prost-die-mahlzeit\/\",\"url\":\"https:\/\/festspiele-taggenbrunn.at\/max-mueller-ja-prost-die-mahlzeit\/\",\"name\":\"MAX M\u00dcLLER - Ja, Prost die Mahlzeit! &#183; Festspiele Taggenbrunn\",\"isPartOf\":{\"@id\":\"https:\/\/festspiele-taggenbrunn.at\/#website\"},\"primaryImageOfPage\":{\"@id\":\"https:\/\/festspiele-taggenbrunn.at\/max-mueller-ja-prost-die-mahlzeit\/#primaryimage\"},\"image\":{\"@id\":\"https:\/\/festspiele-taggenbrunn.at\/max-mueller-ja-prost-die-mahlzeit\/#primaryimage\"},\"thumbnailUrl\":\"https:\/\/festspiele-taggenbrunn.at\/wp-content\/uploads\/Foto-6-Copyright-Linda-Gschwentner-klein-scaled.jpg\",\"datePublished\":\"2025-11-17T11:59:54+00:00\",\"dateModified\":\"2026-04-06T17:34:12+00:00\",\"breadcrumb\":{\"@id\":\"https:\/\/festspiele-taggenbrunn.at\/max-mueller-ja-prost-die-mahlzeit\/#breadcrumb\"},\"inLanguage\":\"sl-SI\",\"potentialAction\":[{\"@type\":\"ReadAction\",\"target\":[\"https:\/\/festspiele-taggenbrunn.at\/max-mueller-ja-prost-die-mahlzeit\/\"]}]},{\"@type\":\"ImageObject\",\"inLanguage\":\"sl-SI\",\"@id\":\"https:\/\/festspiele-taggenbrunn.at\/max-mueller-ja-prost-die-mahlzeit\/#primaryimage\",\"url\":\"https:\/\/festspiele-taggenbrunn.at\/wp-content\/uploads\/Foto-6-Copyright-Linda-Gschwentner-klein-scaled.jpg\",\"contentUrl\":\"https:\/\/festspiele-taggenbrunn.at\/wp-content\/uploads\/Foto-6-Copyright-Linda-Gschwentner-klein-scaled.jpg\",\"width\":2560,\"height\":2495,\"caption\":\"Max M\u00fcller\"},{\"@type\":\"BreadcrumbList\",\"@id\":\"https:\/\/festspiele-taggenbrunn.at\/max-mueller-ja-prost-die-mahlzeit\/#breadcrumb\",\"itemListElement\":[{\"@type\":\"ListItem\",\"position\":1,\"name\":\"Home\",\"item\":\"https:\/\/festspiele-taggenbrunn.at\/\"},{\"@type\":\"ListItem\",\"position\":2,\"name\":\"MAX M\u00dcLLER &#8211; Ja, Prost die Mahlzeit!\"}]},{\"@type\":\"WebSite\",\"@id\":\"https:\/\/festspiele-taggenbrunn.at\/#website\",\"url\":\"https:\/\/festspiele-taggenbrunn.at\/\",\"name\":\"Festspiele Taggenbrunn\",\"description\":\"\",\"publisher\":{\"@id\":\"https:\/\/festspiele-taggenbrunn.at\/#organization\"},\"potentialAction\":[{\"@type\":\"SearchAction\",\"target\":{\"@type\":\"EntryPoint\",\"urlTemplate\":\"https:\/\/festspiele-taggenbrunn.at\/?s={search_term_string}\"},\"query-input\":{\"@type\":\"PropertyValueSpecification\",\"valueRequired\":true,\"valueName\":\"search_term_string\"}}],\"inLanguage\":\"sl-SI\"},{\"@type\":\"Organization\",\"@id\":\"https:\/\/festspiele-taggenbrunn.at\/#organization\",\"name\":\"Taggenbrunner Festspiele\",\"url\":\"https:\/\/festspiele-taggenbrunn.at\/\",\"logo\":{\"@type\":\"ImageObject\",\"inLanguage\":\"sl-SI\",\"@id\":\"https:\/\/festspiele-taggenbrunn.at\/#\/schema\/logo\/image\/\",\"url\":\"https:\/\/festspiele-taggenbrunn.at\/wp-content\/uploads\/Logo-TGB-Festspiele-logo.png\",\"contentUrl\":\"https:\/\/festspiele-taggenbrunn.at\/wp-content\/uploads\/Logo-TGB-Festspiele-logo.png\",\"width\":1947,\"height\":538,\"caption\":\"Taggenbrunner Festspiele\"},\"image\":{\"@id\":\"https:\/\/festspiele-taggenbrunn.at\/#\/schema\/logo\/image\/\"}},{\"@type\":\"Person\",\"@id\":\"https:\/\/festspiele-taggenbrunn.at\/#\/schema\/person\/e8922022d934367e30131abc485911b2\",\"name\":\"Arno Steinwieder\"}]}<\/script>\n<!-- \/ Yoast SEO plugin. -->","yoast_head_json":{"title":"MAX M\u00dcLLER - Ja, Prost die Mahlzeit! &#183; Festspiele Taggenbrunn","robots":{"index":"index","follow":"follow","max-snippet":"max-snippet:-1","max-image-preview":"max-image-preview:large","max-video-preview":"max-video-preview:-1"},"canonical":"https:\/\/festspiele-taggenbrunn.at\/sl\/max-mueller-ja-prost-die-mahlzeit\/","og_locale":"sl_SI","og_type":"article","og_title":"MAX M\u00dcLLER - Ja, Prost die Mahlzeit! &#183; Festspiele Taggenbrunn","og_url":"https:\/\/festspiele-taggenbrunn.at\/sl\/max-mueller-ja-prost-die-mahlzeit\/","og_site_name":"Festspiele Taggenbrunn","article_published_time":"2025-11-17T11:59:54+00:00","article_modified_time":"2026-04-06T17:34:12+00:00","og_image":[{"width":2560,"height":2495,"url":"https:\/\/festspiele-taggenbrunn.at\/wp-content\/uploads\/Foto-6-Copyright-Linda-Gschwentner-klein-scaled.jpg","type":"image\/jpeg"}],"author":"Arno Steinwieder","twitter_card":"summary_large_image","twitter_misc":{"Written by":"Arno Steinwieder","Est. reading time":"2 minuti"},"schema":{"@context":"https:\/\/schema.org","@graph":[{"@type":"Article","@id":"https:\/\/festspiele-taggenbrunn.at\/max-mueller-ja-prost-die-mahlzeit\/#article","isPartOf":{"@id":"https:\/\/festspiele-taggenbrunn.at\/max-mueller-ja-prost-die-mahlzeit\/"},"author":{"name":"Arno Steinwieder","@id":"https:\/\/festspiele-taggenbrunn.at\/#\/schema\/person\/e8922022d934367e30131abc485911b2"},"headline":"MAX M\u00dcLLER &#8211; Ja, Prost die Mahlzeit!","datePublished":"2025-11-17T11:59:54+00:00","dateModified":"2026-04-06T17:34:12+00:00","mainEntityOfPage":{"@id":"https:\/\/festspiele-taggenbrunn.at\/max-mueller-ja-prost-die-mahlzeit\/"},"wordCount":327,"publisher":{"@id":"https:\/\/festspiele-taggenbrunn.at\/#organization"},"image":{"@id":"https:\/\/festspiele-taggenbrunn.at\/max-mueller-ja-prost-die-mahlzeit\/#primaryimage"},"thumbnailUrl":"https:\/\/festspiele-taggenbrunn.at\/wp-content\/uploads\/Foto-6-Copyright-Linda-Gschwentner-klein-scaled.jpg","articleSection":["Musik &amp; Worte"],"inLanguage":"sl-SI"},{"@type":"WebPage","@id":"https:\/\/festspiele-taggenbrunn.at\/max-mueller-ja-prost-die-mahlzeit\/","url":"https:\/\/festspiele-taggenbrunn.at\/max-mueller-ja-prost-die-mahlzeit\/","name":"MAX M\u00dcLLER - Ja, Prost die Mahlzeit! &#183; Festspiele Taggenbrunn","isPartOf":{"@id":"https:\/\/festspiele-taggenbrunn.at\/#website"},"primaryImageOfPage":{"@id":"https:\/\/festspiele-taggenbrunn.at\/max-mueller-ja-prost-die-mahlzeit\/#primaryimage"},"image":{"@id":"https:\/\/festspiele-taggenbrunn.at\/max-mueller-ja-prost-die-mahlzeit\/#primaryimage"},"thumbnailUrl":"https:\/\/festspiele-taggenbrunn.at\/wp-content\/uploads\/Foto-6-Copyright-Linda-Gschwentner-klein-scaled.jpg","datePublished":"2025-11-17T11:59:54+00:00","dateModified":"2026-04-06T17:34:12+00:00","breadcrumb":{"@id":"https:\/\/festspiele-taggenbrunn.at\/max-mueller-ja-prost-die-mahlzeit\/#breadcrumb"},"inLanguage":"sl-SI","potentialAction":[{"@type":"ReadAction","target":["https:\/\/festspiele-taggenbrunn.at\/max-mueller-ja-prost-die-mahlzeit\/"]}]},{"@type":"ImageObject","inLanguage":"sl-SI","@id":"https:\/\/festspiele-taggenbrunn.at\/max-mueller-ja-prost-die-mahlzeit\/#primaryimage","url":"https:\/\/festspiele-taggenbrunn.at\/wp-content\/uploads\/Foto-6-Copyright-Linda-Gschwentner-klein-scaled.jpg","contentUrl":"https:\/\/festspiele-taggenbrunn.at\/wp-content\/uploads\/Foto-6-Copyright-Linda-Gschwentner-klein-scaled.jpg","width":2560,"height":2495,"caption":"Max M\u00fcller"},{"@type":"BreadcrumbList","@id":"https:\/\/festspiele-taggenbrunn.at\/max-mueller-ja-prost-die-mahlzeit\/#breadcrumb","itemListElement":[{"@type":"ListItem","position":1,"name":"Home","item":"https:\/\/festspiele-taggenbrunn.at\/"},{"@type":"ListItem","position":2,"name":"MAX M\u00dcLLER &#8211; Ja, Prost die Mahlzeit!"}]},{"@type":"WebSite","@id":"https:\/\/festspiele-taggenbrunn.at\/#website","url":"https:\/\/festspiele-taggenbrunn.at\/","name":"Festival Taggenbrunn","description":"","publisher":{"@id":"https:\/\/festspiele-taggenbrunn.at\/#organization"},"potentialAction":[{"@type":"SearchAction","target":{"@type":"EntryPoint","urlTemplate":"https:\/\/festspiele-taggenbrunn.at\/?s={search_term_string}"},"query-input":{"@type":"PropertyValueSpecification","valueRequired":true,"valueName":"search_term_string"}}],"inLanguage":"sl-SI"},{"@type":"Organization","@id":"https:\/\/festspiele-taggenbrunn.at\/#organization","name":"Festival Taggenbrunn","url":"https:\/\/festspiele-taggenbrunn.at\/","logo":{"@type":"ImageObject","inLanguage":"sl-SI","@id":"https:\/\/festspiele-taggenbrunn.at\/#\/schema\/logo\/image\/","url":"https:\/\/festspiele-taggenbrunn.at\/wp-content\/uploads\/Logo-TGB-Festspiele-logo.png","contentUrl":"https:\/\/festspiele-taggenbrunn.at\/wp-content\/uploads\/Logo-TGB-Festspiele-logo.png","width":1947,"height":538,"caption":"Taggenbrunner Festspiele"},"image":{"@id":"https:\/\/festspiele-taggenbrunn.at\/#\/schema\/logo\/image\/"}},{"@type":"Person","@id":"https:\/\/festspiele-taggenbrunn.at\/#\/schema\/person\/e8922022d934367e30131abc485911b2","name":"Arno Steinwieder"}]}},"_links":{"self":[{"href":"https:\/\/festspiele-taggenbrunn.at\/sl\/wp-json\/wp\/v2\/posts\/4571"}],"collection":[{"href":"https:\/\/festspiele-taggenbrunn.at\/sl\/wp-json\/wp\/v2\/posts"}],"about":[{"href":"https:\/\/festspiele-taggenbrunn.at\/sl\/wp-json\/wp\/v2\/types\/post"}],"author":[{"embeddable":true,"href":"https:\/\/festspiele-taggenbrunn.at\/sl\/wp-json\/wp\/v2\/users\/7"}],"replies":[{"embeddable":true,"href":"https:\/\/festspiele-taggenbrunn.at\/sl\/wp-json\/wp\/v2\/comments?post=4571"}],"version-history":[{"count":16,"href":"https:\/\/festspiele-taggenbrunn.at\/sl\/wp-json\/wp\/v2\/posts\/4571\/revisions"}],"predecessor-version":[{"id":4785,"href":"https:\/\/festspiele-taggenbrunn.at\/sl\/wp-json\/wp\/v2\/posts\/4571\/revisions\/4785"}],"wp:featuredmedia":[{"embeddable":true,"href":"https:\/\/festspiele-taggenbrunn.at\/sl\/wp-json\/wp\/v2\/media\/4481"}],"wp:attachment":[{"href":"https:\/\/festspiele-taggenbrunn.at\/sl\/wp-json\/wp\/v2\/media?parent=4571"}],"wp:term":[{"taxonomy":"category","embeddable":true,"href":"https:\/\/festspiele-taggenbrunn.at\/sl\/wp-json\/wp\/v2\/categories?post=4571"},{"taxonomy":"post_tag","embeddable":true,"href":"https:\/\/festspiele-taggenbrunn.at\/sl\/wp-json\/wp\/v2\/tags?post=4571"}],"curies":[{"name":"wp","href":"https:\/\/api.w.org\/{rel}","templated":true}]}}