{"id":3930,"date":"2023-11-01T02:46:29","date_gmt":"2023-11-01T01:46:29","guid":{"rendered":"http:\/\/festspiele-taggenbrunn.at\/?p=3930"},"modified":"2024-02-20T11:11:50","modified_gmt":"2024-02-20T10:11:50","slug":"ildiko-raimondi-philharmonia-schrammeln-wien","status":"publish","type":"post","link":"https:\/\/festspiele-taggenbrunn.at\/sl\/ildiko-raimondi-philharmonia-schrammeln-wien\/","title":{"rendered":"ILDIKO RAIMONDI &amp; PHILHARMONIA SCHRAMMELN WIEN Servus Dunaj!"},"content":{"rendered":"<div class=\"wpb-content-wrapper\"><section class=\"light-wrapper normal-padding vc_row wpb_row vc_row-fluid light-wrapper normal-padding vc_custom_1563789407204\"><div class=\"container\"><div class=\"row\"><div class=\"wpb_column vc_column_container col-sm-12\"><div class=\"vc_column-inner\"><div class=\"wpb_wrapper\">\n\t<div class=\"wpb_text_column wpb_content_element  vc_custom_1563428697698\" >\n\t\t<div class=\"wpb_wrapper\">\n\t\t\t<h4 style=\"text-align: center;\">Koncert<\/h4>\n\n\t\t<\/div>\n\t<\/div>\n<h1 style=\"text-align: center\" class=\"vc_custom_heading post-title\" >ILDIKO RAIMONDI &amp; PHILHARMONIA SCHRAMMELN WIEN Servus Dunaj!<\/h1>\n\t<div class=\"wpb_text_column wpb_content_element  vc_custom_1575473441927 post-date-time\" >\n\t\t<div class=\"wpb_wrapper\">\n\t\t\t<h5 style=\"text-align: center;\"><span>Pet<\/span> <span>17.<\/span> <span>maj<\/span> <span>2024<\/span><br \/>\n<span class=\"post-time\">20:00<\/span><\/h5>\n<div class=\"post-pricing\" style=\"text-align: center;\"><div class=\"entry-karten karten-1\">\u20ac 59<\/div><div class=\"entry-karten karten-2\">\u20ac 45<\/div><div class=\"entry-karten karten-3\">\u20ac 29<\/div><\/div>\n<p style=\"text-align: center; margin-top: 20px;\"><div class=\"vc_btn3-container entry-button vc_btn3-center\" style=\"margin: 21px 0;\"><a class=\"vc_general vc_btn3 vc_btn3-size-md vc_btn3-shape-square vc_btn3-style-outline vc_btn3-icon-right vc_btn3-color-chino\" style=\"border-bottom:2px solid #7c7640;\" href=\"#saalplan\" title=\"Rezervirajte vstopnice\">VSTOPNICE <i class=\"vc_btn3-icon fa fa-angle-right\"><\/i><\/a><\/div>\n\n\t\t<\/div>\n\t<\/div>\n<\/div><\/div><\/div><\/div><\/div><\/section><section class=\"light-wrapper normal-padding vc_row wpb_row vc_row-fluid light-wrapper normal-padding\"><div class=\"container\"><div class=\"row\"><div class=\"wpb_column vc_column_container col-sm-5\"><div class=\"vc_column-inner\"><div class=\"wpb_wrapper\">\n\t<div  class=\"wpb_single_image wpb_content_element vc_align_left  vc_custom_1563789399289\">\n\t\t\n\t\t<figure class=\"wpb_wrapper vc_figure\">\n\t\t\t<div class=\"vc_single_image-wrapper vc_box_shadow  vc_box_border_grey\"><img loading=\"lazy\" decoding=\"async\" data-vc-zoom=\"https:\/\/festspiele-taggenbrunn.at\/wp-content\/uploads\/Portrait_IldikoRaimondi_\u00a9-Michael-Poehn-klein-931x1024.jpg\" width=\"2327\" height=\"2560\" src=\"https:\/\/festspiele-taggenbrunn.at\/wp-content\/uploads\/Portrait_IldikoRaimondi_\u00a9-Michael-Poehn-klein-scaled.jpg\" class=\"vc_single_image-img attachment-full\" alt=\"\" title=\"IldikoRaimondi\" srcset=\"https:\/\/festspiele-taggenbrunn.at\/wp-content\/uploads\/Portrait_IldikoRaimondi_\u00a9-Michael-Poehn-klein-scaled.jpg 2327w, https:\/\/festspiele-taggenbrunn.at\/wp-content\/uploads\/Portrait_IldikoRaimondi_\u00a9-Michael-Poehn-klein-273x300.jpg 273w, https:\/\/festspiele-taggenbrunn.at\/wp-content\/uploads\/Portrait_IldikoRaimondi_\u00a9-Michael-Poehn-klein-931x1024.jpg 931w, https:\/\/festspiele-taggenbrunn.at\/wp-content\/uploads\/Portrait_IldikoRaimondi_\u00a9-Michael-Poehn-klein-768x845.jpg 768w, https:\/\/festspiele-taggenbrunn.at\/wp-content\/uploads\/Portrait_IldikoRaimondi_\u00a9-Michael-Poehn-klein-1396x1536.jpg 1396w, https:\/\/festspiele-taggenbrunn.at\/wp-content\/uploads\/Portrait_IldikoRaimondi_\u00a9-Michael-Poehn-klein-1862x2048.jpg 1862w\" sizes=\"(max-width: 2327px) 100vw, 2327px\" \/><\/div><figcaption class=\"vc_figure-caption\">Michael Poehn<\/figcaption>\n\t\t<\/figure>\n\t<\/div>\n<\/div><\/div><\/div><div class=\"wpb_column vc_column_container col-sm-3\"><div class=\"vc_column-inner\"><div class=\"wpb_wrapper\"><h3 style=\"text-align: left\" class=\"vc_custom_heading post-info-header\" >UMETNIKI<\/h3>\n\t<div class=\"wpb_text_column wpb_content_element\" >\n\t\t<div class=\"wpb_wrapper\">\n\t\t\t<a href=\"#kuenstler\"><h5 class=\"post-interpret\">Ildiko Raimondi<\/h5><\/a><span class=\"post-interpret-role\">Sopran<\/span><a href=\"#kuenstler\"><h5 class=\"post-interpret\">Filharmonija Schrammeln<\/h5><\/a>\n\n\t\t<\/div>\n\t<\/div>\n<\/div><\/div><\/div><div class=\"wpb_column vc_column_container col-sm-4\"><div class=\"vc_column-inner\"><div class=\"wpb_wrapper\">\n\t<div class=\"wpb_text_column wpb_content_element  vc_custom_1563526810355\" >\n\t\t<div class=\"wpb_wrapper\">\n\t\t\t\n\n\t\t<\/div>\n\t<\/div>\n\n\t<div class=\"wpb_text_column wpb_content_element  vc_custom_1563526833175\" >\n\t\t<div class=\"wpb_wrapper\">\n\t\t\t\n\n\t\t<\/div>\n\t<\/div>\n\n\t<div class=\"wpb_text_column wpb_content_element\" >\n\t\t<div class=\"wpb_wrapper\">\n\t\t\t\n\n\t\t<\/div>\n\t<\/div>\n<\/div><\/div><\/div><\/div><\/div><\/section><div class=\"row light-wrapper  light-wrapper normal-padding  light-wrapper normal-padding\"><div class=\"wpb_column vc_column_container col-sm-12\"><div class=\"vc_column-inner\"><div class=\"wpb_wrapper\"><section class=\"page-title page-title-3 bg-secondary\">\n\t\t\t\t<div class=\"container\">\n\t\t\t\t    <div class=\"row\">\n\t\t\t\t    \n\t\t\t\t        <div class=\"col-sm-12 text-center\">\n\t\t\t\t            <h3 class=\"uppercase mb0\">\n\t\t\t\t            \t PROGRAM\n\t\t\t\t            <\/h3>\n\t\t\t\t        <\/div>\n\t\t\t\t    <\/div>\n\t\t\t\t<\/div>\n\t\t\t\t<ol class=\"breadcrumb breadcrumb-2\"><li><a href=\"https:\/\/festspiele-taggenbrunn.at\/sl\/\" class=\"home-link\" rel=\"home\">Domov<\/a><\/li><li class=\"active\">ILDIKO RAIMONDI &amp; PHILHARMONIA SCHRAMMELN WIEN Servus Dunaj!<\/li><\/ol>\n\t\t\t<\/section>\n\t\t<\/div><\/div><\/div><\/div><section class=\"light-wrapper normal-padding vc_row wpb_row vc_row-fluid light-wrapper normal-padding\"><div class=\"container\"><div class=\"row\"><div class=\"wpb_column vc_column_container col-sm-2\"><div class=\"vc_column-inner\"><div class=\"wpb_wrapper\"><\/div><\/div><\/div><div class=\"wpb_column vc_column_container col-sm-8\"><div class=\"vc_column-inner\"><div class=\"wpb_wrapper\"><div class=\"vc_acf post-program vc_txt_align_left field_5d2ece01bf4f8\"><p>Philharmonia Schrammeln je \u017ee desetletja institucija na Dunaju in ima to sre\u010do, da lahko predstavi ve\u010dinoma izvirno dunajsko glasbo Schrammeln. Osrednji del glasbenih dejavnosti ansambla je koncertni cikel v Brahmssaalu dunajskega Musikvereina, ki poteka \u017ee 20 let.<\/p>\n<p>Skupaj z zvezdni\u0161ko sopranistko Ildiko Raimondi, ki je od leta 1991 \u010dlanica Dunajske dr\u017eavne opere in je tam odpela ve\u010d kot 50 opernih vlog, bo sloviti ansambel navdu\u0161il ob\u010dinstvo festivala Taggenbrunn z glasbo Johanna Straussa, Carla Michaela Ziehrerja in bratov Schrammel.<\/p>\n<\/div><\/div><\/div><\/div><div class=\"wpb_column vc_column_container col-sm-2\"><div class=\"vc_column-inner\"><div class=\"wpb_wrapper\"><\/div><\/div><\/div><\/div><\/div><\/section><a id=\"kuenstler\" class=\"in-page-link\" href=\"#\"><\/a><div class=\"row light-wrapper  light-wrapper normal-padding  light-wrapper normal-padding\"><div class=\"wpb_column vc_column_container col-sm-12\"><div class=\"vc_column-inner\"><div class=\"wpb_wrapper\"><section class=\"page-title page-title-3 bg-secondary\">\n\t\t\t\t<div class=\"container\">\n\t\t\t\t    <div class=\"row\">\n\t\t\t\t    \n\t\t\t\t        <div class=\"col-sm-12 text-center\">\n\t\t\t\t            <h3 class=\"uppercase mb0\">\n\t\t\t\t            \t UMETNIKI\n\t\t\t\t            <\/h3>\n\t\t\t\t        <\/div>\n\t\t\t\t    <\/div>\n\t\t\t\t<\/div>\n\t\t\t\t<ol class=\"breadcrumb breadcrumb-2\"><li><a href=\"https:\/\/festspiele-taggenbrunn.at\/sl\/\" class=\"home-link\" rel=\"home\">Domov<\/a><\/li><li class=\"active\">ILDIKO RAIMONDI &amp; PHILHARMONIA SCHRAMMELN WIEN Servus Dunaj!<\/li><\/ol>\n\t\t\t<\/section>\n\t\t<\/div><\/div><\/div><\/div><section class=\"post-biografie light-wrapper normal-padding vc_row wpb_row vc_row-fluid post-biografie light-wrapper normal-padding\"><div class=\"container\"><div class=\"row\"><div class=\"wpb_column vc_column_container col-sm-12 col-md-offset-1 col-md-10 col-xs-12\"><div class=\"vc_column-inner\"><div class=\"wpb_wrapper\">\n\t<div class=\"wpb_text_column wpb_content_element  vc_custom_1563796036003\" >\n\t\t<div class=\"wpb_wrapper\">\n\t\t\t\n\t\t<div class=\"tabbed-content button-tabs text-center\">\n\t\t    <ul class=\"tabs\">\n\t\t        \n\t\t<li>\n\t\t    <div class=\"tab-title\">\n\t\t    \t<i class=\"icon\"><\/i>\n\t\t        <span>Ildiko Raimondi<\/span>\n\t\t    <\/div>\n\t\t    <div class=\"tab-content\"><div id=\"attachment_2022\" style=\"width: 310px\" class=\"wp-caption alignleft\"><img loading=\"lazy\" decoding=\"async\" aria-describedby=\"caption-attachment-2022\" class=\"size-medium wp-image-2022\" src=\"https:\/\/festspiele-taggenbrunn.at\/wp-content\/uploads\/Portrait_IldikoRaimondi_WEB_C_MichaelPoehn-Kopie.jpg\" width=\"300\" height=\"200\" \/><\/p>\n<p id=\"caption-attachment-2022\" class=\"wp-caption-text\">Foto \u00a9 Michael P\u00f6hn<\/p>\n<\/div>\n<article style=\"text-align: justify;\">\n<p>Ildik\u00f3 Raimondi ni le slavna pevka na opernem odru, temve\u010d tudi znana interpretka pesmi Lied in koncertna pevka. Od leta 1991 poje v Dunajski dr\u017eavni operi, kjer je odpela ve\u010d kot 50 opernih vlog. Med drugim je gostovala v Deutsche Oper Berlin, Semperoper Dresden, Bavarski dr\u017eavni operi v M\u00fcnchnu, operni hi\u0161i v Z\u00fcrichu, operni hi\u0161i v Valencii in Bol\u0161oj teatru v Moskvi. Koncertirala je tudi v \u0161tevilnih evropskih dr\u017eavah, na Japonskem, v New Yorku in Izraelu, med drugim z Dunajskimi filharmoniki, ter nastopala na radiu in televiziji.<br \/>\nMed njenimi nastopi na mednarodnih festivalih so Salzbur\u0161ki in Bregen\u0161ki festival, Dunajski festival Klangbogen, Dunajski festival Festwochen, Festival Musica Sacra v Rimu, Edinbur\u0161ki festival, Festival Richarda Straussa Garmisch, Beethovenfest Bonn in Glasbeni festival Johanna Straussa Coburg.<br \/>\nPoleg klasi\u010dnega repertoarja in operete je Ildik\u00f3 Raimondi \u0161e posebej naklonjena glasbi 20. stoletja (Franz Schmidt, Arnold Sch\u00f6nberg, Alexander von Zemlinsky, Egon Wellesz, Ernst Krenek,<br \/>\nGottfried von Einem in drugi), pa tudi sodobno glasbo.<\/p>\n<p>Ildik\u00f3 Raimondi je nedavno nastopila v Dunajski dr\u017eavni operi kot Dame (Cardillac), Donna Elvira (Don Giovanni), Rosalinda (Die Fledermaus), Pamina (Die Zauberfl\u00f6te), Alice (Falstaff), Musetta (La Boh\u00e8me) in v svetovni premieri otro\u0161ke opere Ivana Er\u00f6da \"P\u00fcnktchen und Anton\". V Pala\u010di umetnosti v Budimpe\u0161ti je pela grofico (Capriccio) in gostovala kot Arabella v Mad\u017earski dr\u017eavni operi.<br \/>\nNjeno umetni\u0161ko delo dokumentirajo \u0161tevilni posnetki na CD in DVD ter radijski in televizijski posnetki.<\/p>\n<p>Ildik\u00f3 Raimondi je avstrijska komorna pevka in ambasadorka integracije. Od leta 2015 je profesorica solo petja na Univerzi Mozarteum v Salzburgu.<\/p>\n<\/article>\n<\/div>\n\t\t<\/li>\n\t\n\t\t<li>\n\t\t    <div class=\"tab-title\">\n\t\t    \t<i class=\"icon\"><\/i>\n\t\t        <span>Filharmonija Schrammeln<\/span>\n\t\t    <\/div>\n\t\t    <div class=\"tab-content\"><div id=\"attachment_2252\" style=\"width: 310px\" class=\"wp-caption alignleft\"><img loading=\"lazy\" decoding=\"async\" aria-describedby=\"caption-attachment-2252\" class=\"size-medium wp-image-2252\" src=\"https:\/\/festspiele-taggenbrunn.at\/wp-content\/uploads\/Philharmonia-Schrammeln-WEB.jpg\" width=\"300\" height=\"200\" srcset=\"https:\/\/festspiele-taggenbrunn.at\/wp-content\/uploads\/Philharmonia-Schrammeln-WEB.jpg 2640w, https:\/\/festspiele-taggenbrunn.at\/wp-content\/uploads\/Philharmonia-Schrammeln-WEB-300x200.jpg 300w, https:\/\/festspiele-taggenbrunn.at\/wp-content\/uploads\/Philharmonia-Schrammeln-WEB-768x513.jpg 768w, https:\/\/festspiele-taggenbrunn.at\/wp-content\/uploads\/Philharmonia-Schrammeln-WEB-1024x683.jpg 1024w, https:\/\/festspiele-taggenbrunn.at\/wp-content\/uploads\/Philharmonia-Schrammeln-WEB-600x400.jpg 600w\" sizes=\"(max-width: 300px) 100vw, 300px\" \/><\/p>\n<p id=\"caption-attachment-2252\" class=\"wp-caption-text\">\u00a9 Philharmonia Schrammeln<\/p>\n<\/div>\n<article style=\"text-align: justify;\">\n<p>Filharmonija Schrammeln je na Dunaju \u017ee desetletja institucija. To ime je ansambel dobil v sedemdesetih letih prej\u0161njega stoletja, ko je filharmoni\u010dni violinist Alfons Egger prevzel nekdanjo skupino Spilar-Schrammeln.<\/p>\n<p>Alfons Egger je dvajset let igral prvo violino, skoraj vse koncerte vodil sam in napisal \u0161tevilne priredbe, od katerih so mnoge \u0161e vedno del temeljnega repertoarja ansambla. Nasledil ga je Martin Kubik, ki je iz druge violine pre\u0161el v prvo, kot drugi violinist pa je v ansambel pripeljal Andreasa Gro\u00dfbauerja. Martina Kubika in Andreasa Gro\u00dfbauerja je leta 2010 oziroma 2012 imenoval\u00a0<strong>Johannes Tomb\u00f6ck<\/strong>\u00a0(prva violina, \u010dlan Dunajskih filharmonikov) in\u00a0<strong>Dominik Hellsberg<\/strong>\u00a0 (2. violina v orkestru Dunajske dr\u017eavne opere).<\/p>\n<p>Philharmonia Schrammeln ima to sre\u010do, da lahko predstavi ve\u010dinoma izvirno dunajsko glasbo Schrammeln. \u00a0<strong>G\u00fcnter Haumer\u00a0<\/strong>na alt dunajski harmoniki in\u00a0<strong>Heinz Hromada<\/strong> na kontraguitari in <strong>Stefan Neubauer<\/strong> z asovskim klarinetom. Tako je mogo\u010de uresni\u010diti vse instrumentalne razli\u010dice zgodovinskega kvarteta Schrammel: V triu, ki ga sestavljata dve violini s kontragitarami, po \u017eelji raz\u0161irjenem v kvartet s klarinetom G ali altovsko dunajsko gumbno harmoniko, pa tudi v kvintetu, ki je \u0161e posebej zanimiv za najmlaj\u0161e priredbe.<\/p>\n<p>Njena glasba, ki jo je ob\u010dinstvo navdu\u0161eno sprejelo, je bila dokumentirana na \u0161tevilnih posnetkih, med drugim na 15 zgo\u0161\u010denkah, na katerih so zbrane vse dunajske pesmi z znamenitih \"Kremserjevih albumov\" z Angeliko Kirchschlager, Walterjem Berryjem in Heinzem Zednikom.<\/p>\n<p>Leta 2005 so bili Philharmonia Schrammeln predstavljeni v filmu v premoru novoletnega koncerta Dunajskih filharmonikov. Pod geslom \"Zvok podob\" so vodili ob\u010dinstvo po dunajskem Musikvereinu.<\/p>\n<p>Leta 2008 je zgo\u0161\u010denka \"Die Schrammelgeigen\" nastala po naro\u010dilu Glasbene zbirke za stara glasbila Umetnostnozgodovinskega muzeja na Dunaju. Posneta je bila na zgodovinskih Zachovih violinah bratov Schrammel, za notni zapis pa so bili uporabljeni originalni rokopisi Johanna Schrammla. Leta 2015 je zgo\u0161\u010denka prejela nagrado Pasticcio, ki jo podeljuje OE1.<\/p>\n<p>Filharmonija Schrammeln je leta 2011 po navdihu sorodnosti med klasi\u010dno \u0161ramljevo in Schubertovo glasbo posnela zgo\u0161\u010denko \"Seligkeit\" s KS Angeliko Kirchschlager. Poleg pesmi in instrumentalnih skladb Franza Schuberta vsebuje tudi pesmi Johannesa Brahmsa in Gustava Mahlerja.<\/p>\n<p>Pred kratkim je jeseni 2017 pri zalo\u017ebi Deutsche Grammophon iz\u0161la instrumentalna zgo\u0161\u010denka \"Wiener K\u00fcnstler\" z deli bratov Schrammel in Straussa ter zgodovinsko priredbo preludija Lohengrin Richarda Wagnerja.<\/p>\n<p>Osrednji del glasbenih dejavnosti Filharmonije Schrammeln je koncertni cikel v Brahmsovi dvorani dunajskega Musikvereina, ki poteka \u017ee skoraj 20 let.<\/p>\n<\/article>\n<\/div>\n\t\t<\/li>\n\t\n\t\t    <\/ul>\n\t\t<\/div>\n\t\n\n\t\t<\/div>\n\t<\/div>\n<\/div><\/div><\/div><\/div><\/div><\/section><div class=\"row light-wrapper  light-wrapper normal-padding  light-wrapper normal-padding\"><div class=\"wpb_column vc_column_container col-sm-12\"><div class=\"vc_column-inner\"><div class=\"wpb_wrapper\"><a id=\"saalplan\" class=\"in-page-link\" href=\"#\"><\/a><div class=\"row light-wrapper  light-wrapper normal-padding  light-wrapper normal-padding\"><div class=\"wpb_column vc_column_container col-sm-12\"><div class=\"vc_column-inner\"><div class=\"wpb_wrapper\"><section class=\"page-title page-title-3 bg-secondary\">\n\t\t\t\t<div class=\"container\">\n\t\t\t\t    <div class=\"row\">\n\t\t\t\t    \n\t\t\t\t        <div class=\"col-sm-12 text-center\">\n\t\t\t\t            <h3 class=\"uppercase mb0\">\n\t\t\t\t            \t VSTOPNICE\n\t\t\t\t            <\/h3>\n\t\t\t\t        <\/div>\n\t\t\t\t    <\/div>\n\t\t\t\t<\/div>\n\t\t\t\t<ol class=\"breadcrumb breadcrumb-2\"><li><a href=\"https:\/\/festspiele-taggenbrunn.at\/sl\/\" class=\"home-link\" rel=\"home\">Domov<\/a><\/li><li class=\"active\">ILDIKO RAIMONDI &amp; PHILHARMONIA SCHRAMMELN WIEN Servus Dunaj!<\/li><\/ol>\n\t\t\t<\/section>\n\t\t<\/div><\/div><\/div><\/div><div class=\"row light-wrapper  light-wrapper normal-padding  light-wrapper normal-padding\"><div class=\"wpb_column vc_column_container col-sm-12\"><div class=\"vc_column-inner\"><div class=\"wpb_wrapper\"><div class=\"oeticket-frame\"><iframe style=\"min-height: 100vh\" id=\"oeticket_frame\" src=\"https:\/\/www.oeticket.com\/artist\/taggenbrunner-festspiele\/taggenbrunner-festspiele-ildiko-raimondi-philharmonia-schrammeln-wien-3525103\/?affiliate=B38\"><\/iframe><\/div><\/div><\/div><\/div><\/div><\/div><\/div><\/div><\/div>\n<\/div>","protected":false},"excerpt":{"rendered":"Konzert ILDIKO RAIMONDI &#038; PHILHARMONIA SCHRAMMELN WIEN Servus Wien! Fr 17. Mai 2024 20:00 &euro; 59&euro; 45&euro; 29 TICKETS \u00a9 Michael...","protected":false},"author":5,"featured_media":3933,"comment_status":"closed","ping_status":"open","sticky":false,"template":"","format":"standard","meta":{"_acf_changed":false,"inline_featured_image":false,"footnotes":""},"categories":[75],"tags":[],"class_list":["post-3930","post","type-post","status-publish","format-standard","has-post-thumbnail","hentry","category-konzert"],"acf":[],"yoast_head":"<!-- This site is optimized with the Yoast SEO plugin v23.6 - https:\/\/yoast.com\/wordpress\/plugins\/seo\/ -->\n<title>ILDIKO RAIMONDI &amp; PHILHARMONIA SCHRAMMELN WIEN     Servus Wien! &#183; Festspiele Taggenbrunn<\/title>\n<meta name=\"robots\" content=\"index, follow, max-snippet:-1, max-image-preview:large, max-video-preview:-1\" \/>\n<link rel=\"canonical\" href=\"https:\/\/festspiele-taggenbrunn.at\/sl\/ildiko-raimondi-philharmonia-schrammeln-wien\/\" \/>\n<meta property=\"og:locale\" content=\"sl_SI\" \/>\n<meta property=\"og:type\" content=\"article\" \/>\n<meta property=\"og:title\" content=\"ILDIKO RAIMONDI &amp; PHILHARMONIA SCHRAMMELN WIEN     Servus Wien! &#183; Festspiele Taggenbrunn\" \/>\n<meta property=\"og:url\" content=\"https:\/\/festspiele-taggenbrunn.at\/sl\/ildiko-raimondi-philharmonia-schrammeln-wien\/\" \/>\n<meta property=\"og:site_name\" content=\"Festspiele Taggenbrunn\" \/>\n<meta property=\"article:published_time\" content=\"2023-11-01T01:46:29+00:00\" \/>\n<meta property=\"article:modified_time\" content=\"2024-02-20T10:11:50+00:00\" \/>\n<meta property=\"og:image\" content=\"https:\/\/festspiele-taggenbrunn.at\/wp-content\/uploads\/Portrait_IldikoRaimondi_\u00a9-Michael-Poehn-klein-scaled.jpg\" \/>\n\t<meta property=\"og:image:width\" content=\"2327\" \/>\n\t<meta property=\"og:image:height\" content=\"2560\" \/>\n\t<meta property=\"og:image:type\" content=\"image\/jpeg\" \/>\n<meta name=\"author\" content=\"Arno Steinwieder\" \/>\n<meta name=\"twitter:card\" content=\"summary_large_image\" \/>\n<meta name=\"twitter:label1\" content=\"Written by\" \/>\n\t<meta name=\"twitter:data1\" content=\"Arno Steinwieder\" \/>\n\t<meta name=\"twitter:label2\" content=\"Est. reading time\" \/>\n\t<meta name=\"twitter:data2\" content=\"2 minuti\" \/>\n<script type=\"application\/ld+json\" class=\"yoast-schema-graph\">{\"@context\":\"https:\/\/schema.org\",\"@graph\":[{\"@type\":\"Article\",\"@id\":\"https:\/\/festspiele-taggenbrunn.at\/ildiko-raimondi-philharmonia-schrammeln-wien\/#article\",\"isPartOf\":{\"@id\":\"https:\/\/festspiele-taggenbrunn.at\/ildiko-raimondi-philharmonia-schrammeln-wien\/\"},\"author\":{\"name\":\"Arno Steinwieder\",\"@id\":\"https:\/\/festspiele-taggenbrunn.at\/#\/schema\/person\/f139f5f8160605faf22565e92bbd36bb\"},\"headline\":\"ILDIKO RAIMONDI &#038; PHILHARMONIA SCHRAMMELN WIEN Servus Wien!\",\"datePublished\":\"2023-11-01T01:46:29+00:00\",\"dateModified\":\"2024-02-20T10:11:50+00:00\",\"mainEntityOfPage\":{\"@id\":\"https:\/\/festspiele-taggenbrunn.at\/ildiko-raimondi-philharmonia-schrammeln-wien\/\"},\"wordCount\":326,\"publisher\":{\"@id\":\"https:\/\/festspiele-taggenbrunn.at\/#organization\"},\"image\":{\"@id\":\"https:\/\/festspiele-taggenbrunn.at\/ildiko-raimondi-philharmonia-schrammeln-wien\/#primaryimage\"},\"thumbnailUrl\":\"https:\/\/festspiele-taggenbrunn.at\/wp-content\/uploads\/Portrait_IldikoRaimondi_\u00a9-Michael-Poehn-klein-scaled.jpg\",\"articleSection\":[\"Konzert\"],\"inLanguage\":\"sl-SI\"},{\"@type\":\"WebPage\",\"@id\":\"https:\/\/festspiele-taggenbrunn.at\/ildiko-raimondi-philharmonia-schrammeln-wien\/\",\"url\":\"https:\/\/festspiele-taggenbrunn.at\/ildiko-raimondi-philharmonia-schrammeln-wien\/\",\"name\":\"ILDIKO RAIMONDI & PHILHARMONIA SCHRAMMELN WIEN Servus Wien! &#183; Festspiele Taggenbrunn\",\"isPartOf\":{\"@id\":\"https:\/\/festspiele-taggenbrunn.at\/#website\"},\"primaryImageOfPage\":{\"@id\":\"https:\/\/festspiele-taggenbrunn.at\/ildiko-raimondi-philharmonia-schrammeln-wien\/#primaryimage\"},\"image\":{\"@id\":\"https:\/\/festspiele-taggenbrunn.at\/ildiko-raimondi-philharmonia-schrammeln-wien\/#primaryimage\"},\"thumbnailUrl\":\"https:\/\/festspiele-taggenbrunn.at\/wp-content\/uploads\/Portrait_IldikoRaimondi_\u00a9-Michael-Poehn-klein-scaled.jpg\",\"datePublished\":\"2023-11-01T01:46:29+00:00\",\"dateModified\":\"2024-02-20T10:11:50+00:00\",\"breadcrumb\":{\"@id\":\"https:\/\/festspiele-taggenbrunn.at\/ildiko-raimondi-philharmonia-schrammeln-wien\/#breadcrumb\"},\"inLanguage\":\"sl-SI\",\"potentialAction\":[{\"@type\":\"ReadAction\",\"target\":[\"https:\/\/festspiele-taggenbrunn.at\/ildiko-raimondi-philharmonia-schrammeln-wien\/\"]}]},{\"@type\":\"ImageObject\",\"inLanguage\":\"sl-SI\",\"@id\":\"https:\/\/festspiele-taggenbrunn.at\/ildiko-raimondi-philharmonia-schrammeln-wien\/#primaryimage\",\"url\":\"https:\/\/festspiele-taggenbrunn.at\/wp-content\/uploads\/Portrait_IldikoRaimondi_\u00a9-Michael-Poehn-klein-scaled.jpg\",\"contentUrl\":\"https:\/\/festspiele-taggenbrunn.at\/wp-content\/uploads\/Portrait_IldikoRaimondi_\u00a9-Michael-Poehn-klein-scaled.jpg\",\"width\":2327,\"height\":2560,\"caption\":\"\u00a9 Michael Poehn\"},{\"@type\":\"BreadcrumbList\",\"@id\":\"https:\/\/festspiele-taggenbrunn.at\/ildiko-raimondi-philharmonia-schrammeln-wien\/#breadcrumb\",\"itemListElement\":[{\"@type\":\"ListItem\",\"position\":1,\"name\":\"Home\",\"item\":\"https:\/\/festspiele-taggenbrunn.at\/\"},{\"@type\":\"ListItem\",\"position\":2,\"name\":\"ILDIKO RAIMONDI &#038; PHILHARMONIA SCHRAMMELN WIEN Servus Wien!\"}]},{\"@type\":\"WebSite\",\"@id\":\"https:\/\/festspiele-taggenbrunn.at\/#website\",\"url\":\"https:\/\/festspiele-taggenbrunn.at\/\",\"name\":\"Festspiele Taggenbrunn\",\"description\":\"\",\"publisher\":{\"@id\":\"https:\/\/festspiele-taggenbrunn.at\/#organization\"},\"potentialAction\":[{\"@type\":\"SearchAction\",\"target\":{\"@type\":\"EntryPoint\",\"urlTemplate\":\"https:\/\/festspiele-taggenbrunn.at\/?s={search_term_string}\"},\"query-input\":{\"@type\":\"PropertyValueSpecification\",\"valueRequired\":true,\"valueName\":\"search_term_string\"}}],\"inLanguage\":\"sl-SI\"},{\"@type\":\"Organization\",\"@id\":\"https:\/\/festspiele-taggenbrunn.at\/#organization\",\"name\":\"Taggenbrunner Festspiele\",\"url\":\"https:\/\/festspiele-taggenbrunn.at\/\",\"logo\":{\"@type\":\"ImageObject\",\"inLanguage\":\"sl-SI\",\"@id\":\"https:\/\/festspiele-taggenbrunn.at\/#\/schema\/logo\/image\/\",\"url\":\"https:\/\/festspiele-taggenbrunn.at\/wp-content\/uploads\/Logo-TGB-Festspiele-logo.png\",\"contentUrl\":\"https:\/\/festspiele-taggenbrunn.at\/wp-content\/uploads\/Logo-TGB-Festspiele-logo.png\",\"width\":1947,\"height\":538,\"caption\":\"Taggenbrunner Festspiele\"},\"image\":{\"@id\":\"https:\/\/festspiele-taggenbrunn.at\/#\/schema\/logo\/image\/\"}},{\"@type\":\"Person\",\"@id\":\"https:\/\/festspiele-taggenbrunn.at\/#\/schema\/person\/f139f5f8160605faf22565e92bbd36bb\",\"name\":\"Arno Steinwieder\"}]}<\/script>\n<!-- \/ Yoast SEO plugin. -->","yoast_head_json":{"title":"ILDIKO RAIMONDI & PHILHARMONIA SCHRAMMELN WIEN     Servus Wien! &#183; Festspiele Taggenbrunn","robots":{"index":"index","follow":"follow","max-snippet":"max-snippet:-1","max-image-preview":"max-image-preview:large","max-video-preview":"max-video-preview:-1"},"canonical":"https:\/\/festspiele-taggenbrunn.at\/sl\/ildiko-raimondi-philharmonia-schrammeln-wien\/","og_locale":"sl_SI","og_type":"article","og_title":"ILDIKO RAIMONDI & PHILHARMONIA SCHRAMMELN WIEN     Servus Wien! &#183; Festspiele Taggenbrunn","og_url":"https:\/\/festspiele-taggenbrunn.at\/sl\/ildiko-raimondi-philharmonia-schrammeln-wien\/","og_site_name":"Festspiele Taggenbrunn","article_published_time":"2023-11-01T01:46:29+00:00","article_modified_time":"2024-02-20T10:11:50+00:00","og_image":[{"width":2327,"height":2560,"url":"https:\/\/festspiele-taggenbrunn.at\/wp-content\/uploads\/Portrait_IldikoRaimondi_\u00a9-Michael-Poehn-klein-scaled.jpg","type":"image\/jpeg"}],"author":"Arno Steinwieder","twitter_card":"summary_large_image","twitter_misc":{"Written by":"Arno Steinwieder","Est. reading time":"2 minuti"},"schema":{"@context":"https:\/\/schema.org","@graph":[{"@type":"Article","@id":"https:\/\/festspiele-taggenbrunn.at\/ildiko-raimondi-philharmonia-schrammeln-wien\/#article","isPartOf":{"@id":"https:\/\/festspiele-taggenbrunn.at\/ildiko-raimondi-philharmonia-schrammeln-wien\/"},"author":{"name":"Arno Steinwieder","@id":"https:\/\/festspiele-taggenbrunn.at\/#\/schema\/person\/f139f5f8160605faf22565e92bbd36bb"},"headline":"ILDIKO RAIMONDI &#038; PHILHARMONIA SCHRAMMELN WIEN Servus Wien!","datePublished":"2023-11-01T01:46:29+00:00","dateModified":"2024-02-20T10:11:50+00:00","mainEntityOfPage":{"@id":"https:\/\/festspiele-taggenbrunn.at\/ildiko-raimondi-philharmonia-schrammeln-wien\/"},"wordCount":326,"publisher":{"@id":"https:\/\/festspiele-taggenbrunn.at\/#organization"},"image":{"@id":"https:\/\/festspiele-taggenbrunn.at\/ildiko-raimondi-philharmonia-schrammeln-wien\/#primaryimage"},"thumbnailUrl":"https:\/\/festspiele-taggenbrunn.at\/wp-content\/uploads\/Portrait_IldikoRaimondi_\u00a9-Michael-Poehn-klein-scaled.jpg","articleSection":["Konzert"],"inLanguage":"sl-SI"},{"@type":"WebPage","@id":"https:\/\/festspiele-taggenbrunn.at\/ildiko-raimondi-philharmonia-schrammeln-wien\/","url":"https:\/\/festspiele-taggenbrunn.at\/ildiko-raimondi-philharmonia-schrammeln-wien\/","name":"ILDIKO RAIMONDI & PHILHARMONIA SCHRAMMELN WIEN Servus Wien! &#183; Festspiele Taggenbrunn","isPartOf":{"@id":"https:\/\/festspiele-taggenbrunn.at\/#website"},"primaryImageOfPage":{"@id":"https:\/\/festspiele-taggenbrunn.at\/ildiko-raimondi-philharmonia-schrammeln-wien\/#primaryimage"},"image":{"@id":"https:\/\/festspiele-taggenbrunn.at\/ildiko-raimondi-philharmonia-schrammeln-wien\/#primaryimage"},"thumbnailUrl":"https:\/\/festspiele-taggenbrunn.at\/wp-content\/uploads\/Portrait_IldikoRaimondi_\u00a9-Michael-Poehn-klein-scaled.jpg","datePublished":"2023-11-01T01:46:29+00:00","dateModified":"2024-02-20T10:11:50+00:00","breadcrumb":{"@id":"https:\/\/festspiele-taggenbrunn.at\/ildiko-raimondi-philharmonia-schrammeln-wien\/#breadcrumb"},"inLanguage":"sl-SI","potentialAction":[{"@type":"ReadAction","target":["https:\/\/festspiele-taggenbrunn.at\/ildiko-raimondi-philharmonia-schrammeln-wien\/"]}]},{"@type":"ImageObject","inLanguage":"sl-SI","@id":"https:\/\/festspiele-taggenbrunn.at\/ildiko-raimondi-philharmonia-schrammeln-wien\/#primaryimage","url":"https:\/\/festspiele-taggenbrunn.at\/wp-content\/uploads\/Portrait_IldikoRaimondi_\u00a9-Michael-Poehn-klein-scaled.jpg","contentUrl":"https:\/\/festspiele-taggenbrunn.at\/wp-content\/uploads\/Portrait_IldikoRaimondi_\u00a9-Michael-Poehn-klein-scaled.jpg","width":2327,"height":2560,"caption":"\u00a9 Michael Poehn"},{"@type":"BreadcrumbList","@id":"https:\/\/festspiele-taggenbrunn.at\/ildiko-raimondi-philharmonia-schrammeln-wien\/#breadcrumb","itemListElement":[{"@type":"ListItem","position":1,"name":"Home","item":"https:\/\/festspiele-taggenbrunn.at\/"},{"@type":"ListItem","position":2,"name":"ILDIKO RAIMONDI &#038; PHILHARMONIA SCHRAMMELN WIEN Servus Wien!"}]},{"@type":"WebSite","@id":"https:\/\/festspiele-taggenbrunn.at\/#website","url":"https:\/\/festspiele-taggenbrunn.at\/","name":"Festival Taggenbrunn","description":"","publisher":{"@id":"https:\/\/festspiele-taggenbrunn.at\/#organization"},"potentialAction":[{"@type":"SearchAction","target":{"@type":"EntryPoint","urlTemplate":"https:\/\/festspiele-taggenbrunn.at\/?s={search_term_string}"},"query-input":{"@type":"PropertyValueSpecification","valueRequired":true,"valueName":"search_term_string"}}],"inLanguage":"sl-SI"},{"@type":"Organization","@id":"https:\/\/festspiele-taggenbrunn.at\/#organization","name":"Festival Taggenbrunn","url":"https:\/\/festspiele-taggenbrunn.at\/","logo":{"@type":"ImageObject","inLanguage":"sl-SI","@id":"https:\/\/festspiele-taggenbrunn.at\/#\/schema\/logo\/image\/","url":"https:\/\/festspiele-taggenbrunn.at\/wp-content\/uploads\/Logo-TGB-Festspiele-logo.png","contentUrl":"https:\/\/festspiele-taggenbrunn.at\/wp-content\/uploads\/Logo-TGB-Festspiele-logo.png","width":1947,"height":538,"caption":"Taggenbrunner Festspiele"},"image":{"@id":"https:\/\/festspiele-taggenbrunn.at\/#\/schema\/logo\/image\/"}},{"@type":"Person","@id":"https:\/\/festspiele-taggenbrunn.at\/#\/schema\/person\/f139f5f8160605faf22565e92bbd36bb","name":"Arno Steinwieder"}]}},"_links":{"self":[{"href":"https:\/\/festspiele-taggenbrunn.at\/sl\/wp-json\/wp\/v2\/posts\/3930"}],"collection":[{"href":"https:\/\/festspiele-taggenbrunn.at\/sl\/wp-json\/wp\/v2\/posts"}],"about":[{"href":"https:\/\/festspiele-taggenbrunn.at\/sl\/wp-json\/wp\/v2\/types\/post"}],"author":[{"embeddable":true,"href":"https:\/\/festspiele-taggenbrunn.at\/sl\/wp-json\/wp\/v2\/users\/5"}],"replies":[{"embeddable":true,"href":"https:\/\/festspiele-taggenbrunn.at\/sl\/wp-json\/wp\/v2\/comments?post=3930"}],"version-history":[{"count":10,"href":"https:\/\/festspiele-taggenbrunn.at\/sl\/wp-json\/wp\/v2\/posts\/3930\/revisions"}],"predecessor-version":[{"id":4076,"href":"https:\/\/festspiele-taggenbrunn.at\/sl\/wp-json\/wp\/v2\/posts\/3930\/revisions\/4076"}],"wp:featuredmedia":[{"embeddable":true,"href":"https:\/\/festspiele-taggenbrunn.at\/sl\/wp-json\/wp\/v2\/media\/3933"}],"wp:attachment":[{"href":"https:\/\/festspiele-taggenbrunn.at\/sl\/wp-json\/wp\/v2\/media?parent=3930"}],"wp:term":[{"taxonomy":"category","embeddable":true,"href":"https:\/\/festspiele-taggenbrunn.at\/sl\/wp-json\/wp\/v2\/categories?post=3930"},{"taxonomy":"post_tag","embeddable":true,"href":"https:\/\/festspiele-taggenbrunn.at\/sl\/wp-json\/wp\/v2\/tags?post=3930"}],"curies":[{"name":"wp","href":"https:\/\/api.w.org\/{rel}","templated":true}]}}