{"id":4571,"date":"2025-11-17T12:59:54","date_gmt":"2025-11-17T11:59:54","guid":{"rendered":"https:\/\/festspiele-taggenbrunn.at\/?p=4571"},"modified":"2026-04-06T19:34:12","modified_gmt":"2026-04-06T17:34:12","slug":"max-mueller-ja-prost-die-mahlzeit","status":"publish","type":"post","link":"https:\/\/festspiele-taggenbrunn.at\/it\/max-mueller-ja-prost-die-mahlzeit\/","title":{"rendered":"MAX M\u00dcLLER \u2013 S\u00ec, Salute!"},"content":{"rendered":"<div class=\"wpb-content-wrapper\"><section class=\"light-wrapper normal-padding vc_row wpb_row vc_row-fluid light-wrapper normal-padding vc_custom_1563789407204\"><div class=\"container\"><div class=\"row\"><div class=\"wpb_column vc_column_container col-sm-12\"><div class=\"vc_column-inner\"><div class=\"wpb_wrapper\">\n\t<div class=\"wpb_text_column wpb_content_element  vc_custom_1563428697698\" >\n\t\t<div class=\"wpb_wrapper\">\n\t\t\t<h4 style=\"text-align: center;\">Musica e parole<\/h4>\n\n\t\t<\/div>\n\t<\/div>\n<h1 style=\"text-align: center\" class=\"vc_custom_heading post-title\" >MAX M\u00dcLLER \u2013 S\u00ec, Salute!<\/h1>\n\t<div class=\"wpb_text_column wpb_content_element  vc_custom_1575473441927 post-date-time\" >\n\t\t<div class=\"wpb_wrapper\">\n\t\t\t<h5 style=\"text-align: center;\"><span>Ven<\/span> <span>29.<\/span> <span>Maggio<\/span> <span>2026<\/span><br \/>\n<span class=\"post-time\">20:00<\/span><\/h5>\n<div class=\"post-pricing\" style=\"text-align: center;\"><div class=\"entry-karten karten-1\">\u20ac 84<\/div><div class=\"entry-karten karten-2\">\u20ac 70<\/div><div class=\"entry-karten karten-3\">\u20ac 54<\/div><\/div>\n<p style=\"text-align: center; margin-top: 20px;\"><div class=\"vc_btn3-container entry-button vc_btn3-center\" style=\"margin: 21px 0;\"><a class=\"vc_general vc_btn3 vc_btn3-size-md vc_btn3-shape-square vc_btn3-style-outline vc_btn3-icon-right vc_btn3-color-chino\" style=\"border-bottom:2px solid #7c7640;\" href=\"#saalplan\" title=\"Prenota i biglietti\">BIGLIETTI <i class=\"vc_btn3-icon fa fa-angle-right\"><\/i><\/a><\/div>\n\n\t\t<\/div>\n\t<\/div>\n<\/div><\/div><\/div><\/div><\/div><\/section><section class=\"light-wrapper normal-padding vc_row wpb_row vc_row-fluid light-wrapper normal-padding\"><div class=\"container\"><div class=\"row\"><div class=\"wpb_column vc_column_container col-sm-5\"><div class=\"vc_column-inner\"><div class=\"wpb_wrapper\">\n\t<div  class=\"wpb_single_image wpb_content_element vc_align_left  vc_custom_1563789399289\">\n\t\t\n\t\t<figure class=\"wpb_wrapper vc_figure\">\n\t\t\t<div class=\"vc_single_image-wrapper vc_box_shadow  vc_box_border_grey\"><img loading=\"lazy\" decoding=\"async\" data-vc-zoom=\"https:\/\/festspiele-taggenbrunn.at\/wp-content\/uploads\/Foto-6-Copyright-Linda-Gschwentner-klein-1024x998.jpg\" width=\"2560\" height=\"2495\" src=\"https:\/\/festspiele-taggenbrunn.at\/wp-content\/uploads\/Foto-6-Copyright-Linda-Gschwentner-klein-scaled.jpg\" class=\"vc_single_image-img attachment-full\" alt=\"\" title=\"Foto 6 Copyright Linda Gschwentner piccolo\" srcset=\"https:\/\/festspiele-taggenbrunn.at\/wp-content\/uploads\/Foto-6-Copyright-Linda-Gschwentner-klein-scaled.jpg 2560w, https:\/\/festspiele-taggenbrunn.at\/wp-content\/uploads\/Foto-6-Copyright-Linda-Gschwentner-klein-300x292.jpg 300w, https:\/\/festspiele-taggenbrunn.at\/wp-content\/uploads\/Foto-6-Copyright-Linda-Gschwentner-klein-1024x998.jpg 1024w, https:\/\/festspiele-taggenbrunn.at\/wp-content\/uploads\/Foto-6-Copyright-Linda-Gschwentner-klein-768x748.jpg 768w, https:\/\/festspiele-taggenbrunn.at\/wp-content\/uploads\/Foto-6-Copyright-Linda-Gschwentner-klein-1536x1497.jpg 1536w, https:\/\/festspiele-taggenbrunn.at\/wp-content\/uploads\/Foto-6-Copyright-Linda-Gschwentner-klein-2048x1996.jpg 2048w\" sizes=\"(max-width: 2560px) 100vw, 2560px\" \/><\/div><figcaption class=\"vc_figure-caption\">Max M\u00fcller<\/figcaption>\n\t\t<\/figure>\n\t<\/div>\n<\/div><\/div><\/div><div class=\"wpb_column vc_column_container col-sm-3\"><div class=\"vc_column-inner\"><div class=\"wpb_wrapper\"><h3 style=\"text-align: left\" class=\"vc_custom_heading post-info-header\" >ARTISTI<\/h3>\n\t<div class=\"wpb_text_column wpb_content_element\" >\n\t\t<div class=\"wpb_wrapper\">\n\t\t\t<a href=\"#kuenstler\"><h5 class=\"post-interpret\">Max M\u00fcller<\/h5><\/a><span class=\"post-interpret-role\">Baritono<\/span><span class=\"post-interpret-role\">Recitazione<\/span><a href=\"#kuenstler\"><h5 class=\"post-interpret\">Volker Nemmer<\/h5><\/a><span class=\"post-interpret-role\">Pianoforte<\/span>\n\n\t\t<\/div>\n\t<\/div>\n<\/div><\/div><\/div><div class=\"wpb_column vc_column_container col-sm-4\"><div class=\"vc_column-inner\"><div class=\"wpb_wrapper\">\n\t<div class=\"wpb_text_column wpb_content_element  vc_custom_1563526810355\" >\n\t\t<div class=\"wpb_wrapper\">\n\t\t\t\n\n\t\t<\/div>\n\t<\/div>\n\n\t<div class=\"wpb_text_column wpb_content_element  vc_custom_1563526833175\" >\n\t\t<div class=\"wpb_wrapper\">\n\t\t\t\n\n\t\t<\/div>\n\t<\/div>\n\n\t<div class=\"wpb_text_column wpb_content_element\" >\n\t\t<div class=\"wpb_wrapper\">\n\t\t\t\n\n\t\t<\/div>\n\t<\/div>\n<\/div><\/div><\/div><\/div><\/div><\/section><div class=\"row light-wrapper  light-wrapper normal-padding  light-wrapper normal-padding\"><div class=\"wpb_column vc_column_container col-sm-12\"><div class=\"vc_column-inner\"><div class=\"wpb_wrapper\"><section class=\"page-title page-title-3 bg-secondary\">\n\t\t\t\t<div class=\"container\">\n\t\t\t\t    <div class=\"row\">\n\t\t\t\t    \n\t\t\t\t        <div class=\"col-sm-12 text-center\">\n\t\t\t\t            <h3 class=\"uppercase mb0\">\n\t\t\t\t            \t PROGRAMMA\n\t\t\t\t            <\/h3>\n\t\t\t\t        <\/div>\n\t\t\t\t    <\/div>\n\t\t\t\t<\/div>\n\t\t\t\t<ol class=\"breadcrumb breadcrumb-2\"><li><a href=\"https:\/\/festspiele-taggenbrunn.at\/it\/\" class=\"home-link\" rel=\"home\">Casa<\/a><\/li><li class=\"active\">MAX M\u00dcLLER \u2013 S\u00ec, Salute!<\/li><\/ol>\n\t\t\t<\/section>\n\t\t<\/div><\/div><\/div><\/div><section class=\"light-wrapper normal-padding vc_row wpb_row vc_row-fluid light-wrapper normal-padding\"><div class=\"container\"><div class=\"row\"><div class=\"wpb_column vc_column_container col-sm-2\"><div class=\"vc_column-inner\"><div class=\"wpb_wrapper\"><\/div><\/div><\/div><div class=\"wpb_column vc_column_container col-sm-8\"><div class=\"vc_column-inner\"><div class=\"wpb_wrapper\"><div class=\"vc_acf post-program vc_txt_align_left field_5d2ece01bf4f8\"><p><strong>Max M\u00fcller<\/strong>, baritono e recitazione\u00a0\u00a0\u00a0\u00a0\u00a0\u00a0\u00a0\u00a0\u00a0\u00a0\u00a0\u00a0\u00a0\u00a0\u00a0\u00a0\u00a0\u00a0\u00a0\u00a0\u00a0\u00a0\u00a0\u00a0\u00a0\u00a0\u00a0\u00a0\u00a0\u00a0\u00a0\u00a0\u00a0\u00a0\u00a0\u00a0\u00a0\u00a0\u00a0\u00a0\u00a0\u00a0\u00a0\u00a0\u00a0\u00a0\u00a0\u00a0\u00a0\u00a0\u00a0\u00a0\u00a0\u00a0\u00a0\u00a0\u00a0\u00a0\u00a0\u00a0\u00a0\u00a0\u00a0\u00a0\u00a0\u00a0\u00a0\u00a0\u00a0\u00a0\u00a0\u00a0\u00a0\u00a0\u00a0\u00a0\u00a0\u00a0\u00a0\u00a0\u00a0\u00a0\u00a0\u00a0\u00a0\u00a0\u00a0\u00a0\u00a0\u00a0\u00a0\u00a0\u00a0\u00a0\u00a0\u00a0\u00a0\u00a0\u00a0\u00a0\u00a0\u00a0\u00a0\u00a0\u00a0\u00a0\u00a0\u00a0\u00a0\u00a0\u00a0\u00a0\u00a0\u00a0\u00a0\u00a0\u00a0\u00a0\u00a0\u00a0\u00a0\u00a0\u00a0\u00a0\u00a0\u00a0\u00a0\u00a0\u00a0\u00a0\u00a0\u00a0\u00a0\u00a0\u00a0 <strong>Volker Nemmer<\/strong>, Pianoforte<\/p>\n<p><em><strong>S\u00ec, salute al pasto<\/strong><\/em> - Delizie culinarie da Kasnudl a Powidltatschkerl - dalla C\u00f4te du Rh\u00f4ne a Gumpoldskirchen.<br \/>\n\"Ja, Prost die Mahlzeit\" non \u00e8 solo una citazione da \"Wehe dem, der l\u00fcgt\" di Franz Grillparzer, ma anche il titolo del programma musical-letterario di Max M\u00fcller, noto come l'affascinante poliziotto della serie televisiva \"Die Rosenheim-Cops\".<br \/>\nCon canzoni di Wolfgang Amadeus Mozart, Gioachino Rossini e Leonard Bernstein, Robert Stolz e Hermann Leopoldi, nonch\u00e9 testi di Loriot, Heinz Erhardt e la \"Tante Jolesch\" di Friedrich Torberg, \u00e8 garantita una serata allegra ma anche contemplativa - con umorismo, profondit\u00e0 e molto gusto.<\/p>\n<\/div><\/div><\/div><\/div><div class=\"wpb_column vc_column_container col-sm-2\"><div class=\"vc_column-inner\"><div class=\"wpb_wrapper\"><\/div><\/div><\/div><\/div><\/div><\/section><a id=\"kuenstler\" class=\"in-page-link\" href=\"#\"><\/a><div class=\"row light-wrapper  light-wrapper normal-padding  light-wrapper normal-padding\"><div class=\"wpb_column vc_column_container col-sm-12\"><div class=\"vc_column-inner\"><div class=\"wpb_wrapper\"><section class=\"page-title page-title-3 bg-secondary\">\n\t\t\t\t<div class=\"container\">\n\t\t\t\t    <div class=\"row\">\n\t\t\t\t    \n\t\t\t\t        <div class=\"col-sm-12 text-center\">\n\t\t\t\t            <h3 class=\"uppercase mb0\">\n\t\t\t\t            \t ARTISTI\n\t\t\t\t            <\/h3>\n\t\t\t\t        <\/div>\n\t\t\t\t    <\/div>\n\t\t\t\t<\/div>\n\t\t\t\t<ol class=\"breadcrumb breadcrumb-2\"><li><a href=\"https:\/\/festspiele-taggenbrunn.at\/it\/\" class=\"home-link\" rel=\"home\">Casa<\/a><\/li><li class=\"active\">MAX M\u00dcLLER \u2013 S\u00ec, Salute!<\/li><\/ol>\n\t\t\t<\/section>\n\t\t<\/div><\/div><\/div><\/div><section class=\"post-biografie light-wrapper normal-padding vc_row wpb_row vc_row-fluid post-biografie light-wrapper normal-padding\"><div class=\"container\"><div class=\"row\"><div class=\"wpb_column vc_column_container col-sm-12 col-md-offset-1 col-md-10 col-xs-12\"><div class=\"vc_column-inner\"><div class=\"wpb_wrapper\">\n\t<div class=\"wpb_text_column wpb_content_element  vc_custom_1563796036003\" >\n\t\t<div class=\"wpb_wrapper\">\n\t\t\t\n\t\t<div class=\"tabbed-content button-tabs text-center\">\n\t\t    <ul class=\"tabs\">\n\t\t        \n\t\t<li>\n\t\t    <div class=\"tab-title\">\n\t\t    \t<i class=\"icon\"><\/i>\n\t\t        <span>Max M\u00fcller<\/span>\n\t\t    <\/div>\n\t\t    <div class=\"tab-content\"><div id=\"attachment_4149\" style=\"width: 310px\" class=\"wp-caption alignleft\"><img loading=\"lazy\" decoding=\"async\" aria-describedby=\"caption-attachment-4149\" class=\"size-medium wp-image-4149\" src=\"https:\/\/festspiele-taggenbrunn.at\/wp-content\/uploads\/Foto-6-Copyright-Linda-Gschwentner-Kopie-scaled.jpg\" width=\"300\" height=\"200\" \/><\/p>\n<p id=\"caption-attachment-4149\" class=\"wp-caption-text\">Copyright Linda Gschwentner<\/p>\n<\/div>\n<article style=\"text-align: justify;\">\n<p>L'attore, cantante e intrattenitore Max M\u00fcller \u00e8 stato a lungo un personaggio di culto nel ruolo del sergente della polizia bavarese Michi Mohr nella serie di successo della ZDF \"Die Rosenheim-Cops\". Dopo aver studiato all'Universit\u00e0 di Musica e Arti dello Spettacolo di Vienna, la carriera di attore di Max M\u00fcller \u00e8 iniziata con il ruolo di protagonista nel lungometraggio \"Fleischwolf\", per il quale \u00e8 stato nominato per il Premio Max Oph\u00fcls. Seguono numerosi ruoli da ospite in serie televisive come \"Kommissar Rex\", \"Schlosshotel Orth\" e \"SOKO Kitzb\u00fchel\", nonch\u00e9 apparizioni nei film TV \"Marie Bonaparte\" e \"Stefan Zweig\", tra gli altri. Gli impegni sul palcoscenico di Max M\u00fcller lo hanno portato in rinomati teatri in Austria e all'estero, tra cui lo Schauspielhaus Wien, il Renaissance-Theater Berlin, il Th\u00e9\u00e2tre de la Bastille a Parigi e il Theater in der Josefstadt, dove \u00e8 stato anche membro permanente dell'ensemble dal 1993 al 2000. Si \u00e8 esibito anche al Festival di Reichenau e al Festival del Lago di M\u00f6rbisch.<\/p>\n<p>Probabilmente \u00e8 meno noto che Max M\u00fcller \u00e8 anche un cantante lirico di formazione e ha studiato all'Universit\u00e0 di Musica di Vienna e con insegnanti rinomati come Charlotte Grubenmann e il Kammers\u00e4nger Walter Berry. Nel 2002 ha debuttato come baritono lirico nel ruolo del titolo dell'opera ecclesiastica \"Franziskus\" al Festival estivo della Carinzia. Molto apprezzato da pubblico e critica, il cantante si \u00e8 esibito regolarmente anche al Festival Gottfried von Einem dal 2004 al 2011. Max M\u00fcller progetta anche diversi programmi da solista, tra cui quello per il Musikverein di Vienna dal 2010. L'artista vanta collaborazioni con artisti rinomati come Otto Schenk, Fritz Muliar, Heinz Marecek, Sissy L\u00f6winger, Gerda Fr\u00f6hlich, Werner Schneyder, J\u00f6rg Schneider, Gunter Kr\u00e4\u00e4, Walter Bannert, Erhard Riedlsperger, Cyprien Katsaris, Karin e Doris Adam, Oleg Maisenberg e Robert Holl. I suoi progetti CD di successo includono le registrazioni \"Ewig Dein Mozart\" (2012), \"Weihnachten! Storie. Canzoni. Gedichte\" (2014) insieme a Elisabeth Daxer, \"Geschichte eines Nussknackers\" (2016) con l'Orchestra Sinfonica di Monaco e \"Tierisch\" (2017) con Volker Nemmer.<\/p>\n<p>Max M\u00fcller \u00e8 gi\u00e0 stato nominato per il premio cinematografico e televisivo austriaco Romy nella categoria \"Attore di serie pi\u00f9 popolare\". \u00c8 stato nominato Commissario d'onore della Baviera nel 2008 e Commissario d'onore dell'Assia nel 2019. Il versatile attore \u00e8 stato anche nominato \"Carinziano dell'anno\" nella categoria \"Cultura\" nel marzo 2018 ed \u00e8 stato insignito della \"Stella della sicurezza\" dal Libero Stato di Baviera.<\/p>\n<\/article>\n<\/div>\n\t\t<\/li>\n\t\n\t\t<li>\n\t\t    <div class=\"tab-title\">\n\t\t    \t<i class=\"icon\"><\/i>\n\t\t        <span>Volker Nemmer<\/span>\n\t\t    <\/div>\n\t\t    <div class=\"tab-content\"><p><img loading=\"lazy\" decoding=\"async\" class=\"size-medium wp-image-3242\" src=\"https:\/\/festspiele-taggenbrunn.at\/wp-content\/uploads\/Volker-Nemmer.jpg\" width=\"300\" height=\"200\" \/><\/p>\n<article style=\"text-align: justify;\">\n<p>Volker Nemmer \u00e8 accompagnatore di canzoni, musicista da camera e solista. Ha studiato presso l'Universit\u00e0 di Musica e Arti dello Spettacolo di Vienna (formazione di insegnante strumentale e vocale) e presso il Conservatorio di Vienna (accompagnamento e accompagnamento al canto). Attivit\u00e0 concertistica in Austria, Germania, Italia, Ungheria, Croazia, Liechtenstein, Svezia, Svizzera, Francia, Inghilterra e Stati Uniti. Partecipazione a numerosi festival, tra cui i \"Concerti per l'Europa\" a Venezia, The Sound of Dreams (Londra), il Wiener Musiksommer - Klangbogen, il Colourscape Festival, l'Estate Carinziana, il Festival H\u00f6rg\u00e4nge alla Wiener Konzerthaus, il Wien Modern Festival, l'Allegro vivo Festival, la serie di concerti Capriccio al Musikverein di Vienna, il Festival Europeo Weeks Passau e numerosi concerti della Jeunesse musicale (Bruckner Haus Linz). Dal 2010 Volker Nemmer \u00e8 ospite regolare del Musikverein Wien. Intensa la collaborazione artistica con i cantanti Ulla Pilz, Max M\u00fcller e Konrad Huber e con Hermine Haselb\u00f6ck, Anna Maria Pammer, Adrian Er\u00f6d, Matthias Hausmann, Robert Holl, Wolfgang Holzmair, Alexander Kaimbacher, Thomas Weinhappel, Mario Zeffiri e i compositori Julia Tsenova, Dirk D'Ase, Herwig Reiter e Wolfram Wagner.<\/p>\n<p>Collaborazione artistica con la compagnia homunculus (1992 - 2004) e partecipazione alla serie di spettacoli \"Tanz im Exil\" presso l'Akademietheater di Vienna (balletto della Volksoper di Vienna), al Festival Impulstanz 2005, al festival \"\u00d6sterreich tanzt 08\" presso il Festspielhaus St. P\u00f6lten e al festival di danza \"Ber\u00fchrungen\" 2008 presso l'Odeon.<\/p>\n<p>Registrazioni su CD con Max M\u00fcller: Ewig Dein Mozart (2012), Tierisch! (2017) e con Konrad Huber: Fahrende Gesellen - Eine Zeitreise (2018).<\/p>\n<p>&nbsp;<\/p>\n<\/article>\n<\/div>\n\t\t<\/li>\n\t\n\t\t    <\/ul>\n\t\t<\/div>\n\t\n\n\t\t<\/div>\n\t<\/div>\n<\/div><\/div><\/div><\/div><\/div><\/section><div class=\"row light-wrapper  light-wrapper normal-padding  light-wrapper normal-padding\"><div class=\"wpb_column vc_column_container col-sm-12\"><div class=\"vc_column-inner\"><div class=\"wpb_wrapper\"><a id=\"saalplan\" class=\"in-page-link\" href=\"#\"><\/a><div class=\"row light-wrapper  light-wrapper normal-padding  light-wrapper normal-padding\"><div class=\"wpb_column vc_column_container col-sm-12\"><div class=\"vc_column-inner\"><div class=\"wpb_wrapper\"><section class=\"page-title page-title-3 bg-secondary\">\n\t\t\t\t<div class=\"container\">\n\t\t\t\t    <div class=\"row\">\n\t\t\t\t    \n\t\t\t\t        <div class=\"col-sm-12 text-center\">\n\t\t\t\t            <h3 class=\"uppercase mb0\">\n\t\t\t\t            \t BIGLIETTI\n\t\t\t\t            <\/h3>\n\t\t\t\t        <\/div>\n\t\t\t\t    <\/div>\n\t\t\t\t<\/div>\n\t\t\t\t<ol class=\"breadcrumb breadcrumb-2\"><li><a href=\"https:\/\/festspiele-taggenbrunn.at\/it\/\" class=\"home-link\" rel=\"home\">Casa<\/a><\/li><li class=\"active\">MAX M\u00dcLLER \u2013 S\u00ec, Salute!<\/li><\/ol>\n\t\t\t<\/section>\n\t\t<\/div><\/div><\/div><\/div><div class=\"row light-wrapper  light-wrapper normal-padding  light-wrapper normal-padding\"><div class=\"wpb_column vc_column_container col-sm-12\"><div class=\"vc_column-inner\"><div class=\"wpb_wrapper\"><div class=\"oeticket-frame\"><iframe style=\"min-height: 100vh\" id=\"oeticket_frame\" src=\"https:\/\/www.oeticket.com\/event\/festspiele-taggenbrunn-max-mueller-ja-prost-die-mahlzeit-burg-taggenbrunn-20959712\/?affiliate=I77\"><\/iframe><\/div><\/div><\/div><\/div><\/div><\/div><\/div><\/div><\/div>\n<\/div>","protected":false},"excerpt":{"rendered":"Musik &amp; Worte MAX M\u00dcLLER &#8211; Ja, Prost die Mahlzeit! Fr 29. Mai 2026 20:00 &euro; 84&euro; 70&euro; 54 TICKETS Max...","protected":false},"author":7,"featured_media":4481,"comment_status":"closed","ping_status":"open","sticky":false,"template":"","format":"standard","meta":{"_acf_changed":false,"inline_featured_image":false,"footnotes":""},"categories":[60],"tags":[],"class_list":["post-4571","post","type-post","status-publish","format-standard","has-post-thumbnail","hentry","category-musik-und-worte"],"acf":[],"yoast_head":"<!-- This site is optimized with the Yoast SEO plugin v23.6 - https:\/\/yoast.com\/wordpress\/plugins\/seo\/ -->\n<title>MAX M\u00dcLLER - Ja, Prost die Mahlzeit! &#183; Festspiele Taggenbrunn<\/title>\n<meta name=\"robots\" content=\"index, follow, max-snippet:-1, max-image-preview:large, max-video-preview:-1\" \/>\n<link rel=\"canonical\" href=\"https:\/\/festspiele-taggenbrunn.at\/it\/max-mueller-ja-prost-die-mahlzeit\/\" \/>\n<meta property=\"og:locale\" content=\"it_IT\" \/>\n<meta property=\"og:type\" content=\"article\" \/>\n<meta property=\"og:title\" content=\"MAX M\u00dcLLER - Ja, Prost die Mahlzeit! &#183; Festspiele Taggenbrunn\" \/>\n<meta property=\"og:url\" content=\"https:\/\/festspiele-taggenbrunn.at\/it\/max-mueller-ja-prost-die-mahlzeit\/\" \/>\n<meta property=\"og:site_name\" content=\"Festspiele Taggenbrunn\" \/>\n<meta property=\"article:published_time\" content=\"2025-11-17T11:59:54+00:00\" \/>\n<meta property=\"article:modified_time\" content=\"2026-04-06T17:34:12+00:00\" \/>\n<meta property=\"og:image\" content=\"https:\/\/festspiele-taggenbrunn.at\/wp-content\/uploads\/Foto-6-Copyright-Linda-Gschwentner-klein-scaled.jpg\" \/>\n\t<meta property=\"og:image:width\" content=\"2560\" \/>\n\t<meta property=\"og:image:height\" content=\"2495\" \/>\n\t<meta property=\"og:image:type\" content=\"image\/jpeg\" \/>\n<meta name=\"author\" content=\"Arno Steinwieder\" \/>\n<meta name=\"twitter:card\" content=\"summary_large_image\" \/>\n<meta name=\"twitter:label1\" content=\"Scritto da\" \/>\n\t<meta name=\"twitter:data1\" content=\"Arno Steinwieder\" \/>\n\t<meta name=\"twitter:label2\" content=\"Tempo di lettura stimato\" \/>\n\t<meta name=\"twitter:data2\" content=\"2 minuti\" \/>\n<script type=\"application\/ld+json\" class=\"yoast-schema-graph\">{\"@context\":\"https:\/\/schema.org\",\"@graph\":[{\"@type\":\"Article\",\"@id\":\"https:\/\/festspiele-taggenbrunn.at\/max-mueller-ja-prost-die-mahlzeit\/#article\",\"isPartOf\":{\"@id\":\"https:\/\/festspiele-taggenbrunn.at\/max-mueller-ja-prost-die-mahlzeit\/\"},\"author\":{\"name\":\"Arno Steinwieder\",\"@id\":\"https:\/\/festspiele-taggenbrunn.at\/#\/schema\/person\/e8922022d934367e30131abc485911b2\"},\"headline\":\"MAX M\u00dcLLER &#8211; Ja, Prost die Mahlzeit!\",\"datePublished\":\"2025-11-17T11:59:54+00:00\",\"dateModified\":\"2026-04-06T17:34:12+00:00\",\"mainEntityOfPage\":{\"@id\":\"https:\/\/festspiele-taggenbrunn.at\/max-mueller-ja-prost-die-mahlzeit\/\"},\"wordCount\":327,\"publisher\":{\"@id\":\"https:\/\/festspiele-taggenbrunn.at\/#organization\"},\"image\":{\"@id\":\"https:\/\/festspiele-taggenbrunn.at\/max-mueller-ja-prost-die-mahlzeit\/#primaryimage\"},\"thumbnailUrl\":\"https:\/\/festspiele-taggenbrunn.at\/wp-content\/uploads\/Foto-6-Copyright-Linda-Gschwentner-klein-scaled.jpg\",\"articleSection\":[\"Musik &amp; Worte\"],\"inLanguage\":\"it-IT\"},{\"@type\":\"WebPage\",\"@id\":\"https:\/\/festspiele-taggenbrunn.at\/max-mueller-ja-prost-die-mahlzeit\/\",\"url\":\"https:\/\/festspiele-taggenbrunn.at\/max-mueller-ja-prost-die-mahlzeit\/\",\"name\":\"MAX M\u00dcLLER - Ja, Prost die Mahlzeit! &#183; Festspiele Taggenbrunn\",\"isPartOf\":{\"@id\":\"https:\/\/festspiele-taggenbrunn.at\/#website\"},\"primaryImageOfPage\":{\"@id\":\"https:\/\/festspiele-taggenbrunn.at\/max-mueller-ja-prost-die-mahlzeit\/#primaryimage\"},\"image\":{\"@id\":\"https:\/\/festspiele-taggenbrunn.at\/max-mueller-ja-prost-die-mahlzeit\/#primaryimage\"},\"thumbnailUrl\":\"https:\/\/festspiele-taggenbrunn.at\/wp-content\/uploads\/Foto-6-Copyright-Linda-Gschwentner-klein-scaled.jpg\",\"datePublished\":\"2025-11-17T11:59:54+00:00\",\"dateModified\":\"2026-04-06T17:34:12+00:00\",\"breadcrumb\":{\"@id\":\"https:\/\/festspiele-taggenbrunn.at\/max-mueller-ja-prost-die-mahlzeit\/#breadcrumb\"},\"inLanguage\":\"it-IT\",\"potentialAction\":[{\"@type\":\"ReadAction\",\"target\":[\"https:\/\/festspiele-taggenbrunn.at\/max-mueller-ja-prost-die-mahlzeit\/\"]}]},{\"@type\":\"ImageObject\",\"inLanguage\":\"it-IT\",\"@id\":\"https:\/\/festspiele-taggenbrunn.at\/max-mueller-ja-prost-die-mahlzeit\/#primaryimage\",\"url\":\"https:\/\/festspiele-taggenbrunn.at\/wp-content\/uploads\/Foto-6-Copyright-Linda-Gschwentner-klein-scaled.jpg\",\"contentUrl\":\"https:\/\/festspiele-taggenbrunn.at\/wp-content\/uploads\/Foto-6-Copyright-Linda-Gschwentner-klein-scaled.jpg\",\"width\":2560,\"height\":2495,\"caption\":\"Max M\u00fcller\"},{\"@type\":\"BreadcrumbList\",\"@id\":\"https:\/\/festspiele-taggenbrunn.at\/max-mueller-ja-prost-die-mahlzeit\/#breadcrumb\",\"itemListElement\":[{\"@type\":\"ListItem\",\"position\":1,\"name\":\"Home\",\"item\":\"https:\/\/festspiele-taggenbrunn.at\/\"},{\"@type\":\"ListItem\",\"position\":2,\"name\":\"MAX M\u00dcLLER &#8211; Ja, Prost die Mahlzeit!\"}]},{\"@type\":\"WebSite\",\"@id\":\"https:\/\/festspiele-taggenbrunn.at\/#website\",\"url\":\"https:\/\/festspiele-taggenbrunn.at\/\",\"name\":\"Festspiele Taggenbrunn\",\"description\":\"\",\"publisher\":{\"@id\":\"https:\/\/festspiele-taggenbrunn.at\/#organization\"},\"potentialAction\":[{\"@type\":\"SearchAction\",\"target\":{\"@type\":\"EntryPoint\",\"urlTemplate\":\"https:\/\/festspiele-taggenbrunn.at\/?s={search_term_string}\"},\"query-input\":{\"@type\":\"PropertyValueSpecification\",\"valueRequired\":true,\"valueName\":\"search_term_string\"}}],\"inLanguage\":\"it-IT\"},{\"@type\":\"Organization\",\"@id\":\"https:\/\/festspiele-taggenbrunn.at\/#organization\",\"name\":\"Taggenbrunner Festspiele\",\"url\":\"https:\/\/festspiele-taggenbrunn.at\/\",\"logo\":{\"@type\":\"ImageObject\",\"inLanguage\":\"it-IT\",\"@id\":\"https:\/\/festspiele-taggenbrunn.at\/#\/schema\/logo\/image\/\",\"url\":\"https:\/\/festspiele-taggenbrunn.at\/wp-content\/uploads\/Logo-TGB-Festspiele-logo.png\",\"contentUrl\":\"https:\/\/festspiele-taggenbrunn.at\/wp-content\/uploads\/Logo-TGB-Festspiele-logo.png\",\"width\":1947,\"height\":538,\"caption\":\"Taggenbrunner Festspiele\"},\"image\":{\"@id\":\"https:\/\/festspiele-taggenbrunn.at\/#\/schema\/logo\/image\/\"}},{\"@type\":\"Person\",\"@id\":\"https:\/\/festspiele-taggenbrunn.at\/#\/schema\/person\/e8922022d934367e30131abc485911b2\",\"name\":\"Arno Steinwieder\"}]}<\/script>\n<!-- \/ Yoast SEO plugin. -->","yoast_head_json":{"title":"MAX M\u00dcLLER - Ja, Prost die Mahlzeit! &#183; Festspiele Taggenbrunn","robots":{"index":"index","follow":"follow","max-snippet":"max-snippet:-1","max-image-preview":"max-image-preview:large","max-video-preview":"max-video-preview:-1"},"canonical":"https:\/\/festspiele-taggenbrunn.at\/it\/max-mueller-ja-prost-die-mahlzeit\/","og_locale":"it_IT","og_type":"article","og_title":"MAX M\u00dcLLER - Ja, Prost die Mahlzeit! &#183; Festspiele Taggenbrunn","og_url":"https:\/\/festspiele-taggenbrunn.at\/it\/max-mueller-ja-prost-die-mahlzeit\/","og_site_name":"Festspiele Taggenbrunn","article_published_time":"2025-11-17T11:59:54+00:00","article_modified_time":"2026-04-06T17:34:12+00:00","og_image":[{"width":2560,"height":2495,"url":"https:\/\/festspiele-taggenbrunn.at\/wp-content\/uploads\/Foto-6-Copyright-Linda-Gschwentner-klein-scaled.jpg","type":"image\/jpeg"}],"author":"Arno Steinwieder","twitter_card":"summary_large_image","twitter_misc":{"Scritto da":"Arno Steinwieder","Tempo di lettura stimato":"2 minuti"},"schema":{"@context":"https:\/\/schema.org","@graph":[{"@type":"Article","@id":"https:\/\/festspiele-taggenbrunn.at\/max-mueller-ja-prost-die-mahlzeit\/#article","isPartOf":{"@id":"https:\/\/festspiele-taggenbrunn.at\/max-mueller-ja-prost-die-mahlzeit\/"},"author":{"name":"Arno Steinwieder","@id":"https:\/\/festspiele-taggenbrunn.at\/#\/schema\/person\/e8922022d934367e30131abc485911b2"},"headline":"MAX M\u00dcLLER &#8211; Ja, Prost die Mahlzeit!","datePublished":"2025-11-17T11:59:54+00:00","dateModified":"2026-04-06T17:34:12+00:00","mainEntityOfPage":{"@id":"https:\/\/festspiele-taggenbrunn.at\/max-mueller-ja-prost-die-mahlzeit\/"},"wordCount":327,"publisher":{"@id":"https:\/\/festspiele-taggenbrunn.at\/#organization"},"image":{"@id":"https:\/\/festspiele-taggenbrunn.at\/max-mueller-ja-prost-die-mahlzeit\/#primaryimage"},"thumbnailUrl":"https:\/\/festspiele-taggenbrunn.at\/wp-content\/uploads\/Foto-6-Copyright-Linda-Gschwentner-klein-scaled.jpg","articleSection":["Musik &amp; Worte"],"inLanguage":"it-IT"},{"@type":"WebPage","@id":"https:\/\/festspiele-taggenbrunn.at\/max-mueller-ja-prost-die-mahlzeit\/","url":"https:\/\/festspiele-taggenbrunn.at\/max-mueller-ja-prost-die-mahlzeit\/","name":"MAX M\u00dcLLER - Ja, Prost die Mahlzeit! &#183; Festspiele Taggenbrunn","isPartOf":{"@id":"https:\/\/festspiele-taggenbrunn.at\/#website"},"primaryImageOfPage":{"@id":"https:\/\/festspiele-taggenbrunn.at\/max-mueller-ja-prost-die-mahlzeit\/#primaryimage"},"image":{"@id":"https:\/\/festspiele-taggenbrunn.at\/max-mueller-ja-prost-die-mahlzeit\/#primaryimage"},"thumbnailUrl":"https:\/\/festspiele-taggenbrunn.at\/wp-content\/uploads\/Foto-6-Copyright-Linda-Gschwentner-klein-scaled.jpg","datePublished":"2025-11-17T11:59:54+00:00","dateModified":"2026-04-06T17:34:12+00:00","breadcrumb":{"@id":"https:\/\/festspiele-taggenbrunn.at\/max-mueller-ja-prost-die-mahlzeit\/#breadcrumb"},"inLanguage":"it-IT","potentialAction":[{"@type":"ReadAction","target":["https:\/\/festspiele-taggenbrunn.at\/max-mueller-ja-prost-die-mahlzeit\/"]}]},{"@type":"ImageObject","inLanguage":"it-IT","@id":"https:\/\/festspiele-taggenbrunn.at\/max-mueller-ja-prost-die-mahlzeit\/#primaryimage","url":"https:\/\/festspiele-taggenbrunn.at\/wp-content\/uploads\/Foto-6-Copyright-Linda-Gschwentner-klein-scaled.jpg","contentUrl":"https:\/\/festspiele-taggenbrunn.at\/wp-content\/uploads\/Foto-6-Copyright-Linda-Gschwentner-klein-scaled.jpg","width":2560,"height":2495,"caption":"Max M\u00fcller"},{"@type":"BreadcrumbList","@id":"https:\/\/festspiele-taggenbrunn.at\/max-mueller-ja-prost-die-mahlzeit\/#breadcrumb","itemListElement":[{"@type":"ListItem","position":1,"name":"Home","item":"https:\/\/festspiele-taggenbrunn.at\/"},{"@type":"ListItem","position":2,"name":"MAX M\u00dcLLER &#8211; Ja, Prost die Mahlzeit!"}]},{"@type":"WebSite","@id":"https:\/\/festspiele-taggenbrunn.at\/#website","url":"https:\/\/festspiele-taggenbrunn.at\/","name":"Festival di Taggenbrunn","description":"","publisher":{"@id":"https:\/\/festspiele-taggenbrunn.at\/#organization"},"potentialAction":[{"@type":"SearchAction","target":{"@type":"EntryPoint","urlTemplate":"https:\/\/festspiele-taggenbrunn.at\/?s={search_term_string}"},"query-input":{"@type":"PropertyValueSpecification","valueRequired":true,"valueName":"search_term_string"}}],"inLanguage":"it-IT"},{"@type":"Organization","@id":"https:\/\/festspiele-taggenbrunn.at\/#organization","name":"Festival di Taggenbrunn","url":"https:\/\/festspiele-taggenbrunn.at\/","logo":{"@type":"ImageObject","inLanguage":"it-IT","@id":"https:\/\/festspiele-taggenbrunn.at\/#\/schema\/logo\/image\/","url":"https:\/\/festspiele-taggenbrunn.at\/wp-content\/uploads\/Logo-TGB-Festspiele-logo.png","contentUrl":"https:\/\/festspiele-taggenbrunn.at\/wp-content\/uploads\/Logo-TGB-Festspiele-logo.png","width":1947,"height":538,"caption":"Taggenbrunner Festspiele"},"image":{"@id":"https:\/\/festspiele-taggenbrunn.at\/#\/schema\/logo\/image\/"}},{"@type":"Person","@id":"https:\/\/festspiele-taggenbrunn.at\/#\/schema\/person\/e8922022d934367e30131abc485911b2","name":"Arno Steinwieder"}]}},"_links":{"self":[{"href":"https:\/\/festspiele-taggenbrunn.at\/it\/wp-json\/wp\/v2\/posts\/4571"}],"collection":[{"href":"https:\/\/festspiele-taggenbrunn.at\/it\/wp-json\/wp\/v2\/posts"}],"about":[{"href":"https:\/\/festspiele-taggenbrunn.at\/it\/wp-json\/wp\/v2\/types\/post"}],"author":[{"embeddable":true,"href":"https:\/\/festspiele-taggenbrunn.at\/it\/wp-json\/wp\/v2\/users\/7"}],"replies":[{"embeddable":true,"href":"https:\/\/festspiele-taggenbrunn.at\/it\/wp-json\/wp\/v2\/comments?post=4571"}],"version-history":[{"count":16,"href":"https:\/\/festspiele-taggenbrunn.at\/it\/wp-json\/wp\/v2\/posts\/4571\/revisions"}],"predecessor-version":[{"id":4785,"href":"https:\/\/festspiele-taggenbrunn.at\/it\/wp-json\/wp\/v2\/posts\/4571\/revisions\/4785"}],"wp:featuredmedia":[{"embeddable":true,"href":"https:\/\/festspiele-taggenbrunn.at\/it\/wp-json\/wp\/v2\/media\/4481"}],"wp:attachment":[{"href":"https:\/\/festspiele-taggenbrunn.at\/it\/wp-json\/wp\/v2\/media?parent=4571"}],"wp:term":[{"taxonomy":"category","embeddable":true,"href":"https:\/\/festspiele-taggenbrunn.at\/it\/wp-json\/wp\/v2\/categories?post=4571"},{"taxonomy":"post_tag","embeddable":true,"href":"https:\/\/festspiele-taggenbrunn.at\/it\/wp-json\/wp\/v2\/tags?post=4571"}],"curies":[{"name":"wp","href":"https:\/\/api.w.org\/{rel}","templated":true}]}}