{"id":3930,"date":"2023-11-01T02:46:29","date_gmt":"2023-11-01T01:46:29","guid":{"rendered":"http:\/\/festspiele-taggenbrunn.at\/?p=3930"},"modified":"2024-02-20T11:11:50","modified_gmt":"2024-02-20T10:11:50","slug":"ildiko-raimondi-philharmonia-schrammeln-wien","status":"publish","type":"post","link":"https:\/\/festspiele-taggenbrunn.at\/it\/ildiko-raimondi-philharmonia-schrammeln-wien\/","title":{"rendered":"ILDIKO RAIMONDI &amp; PHILHARMONIA SCHRAMMELN WIEN Servus Vienna!"},"content":{"rendered":"<div class=\"wpb-content-wrapper\"><section class=\"light-wrapper normal-padding vc_row wpb_row vc_row-fluid light-wrapper normal-padding vc_custom_1563789407204\"><div class=\"container\"><div class=\"row\"><div class=\"wpb_column vc_column_container col-sm-12\"><div class=\"vc_column-inner\"><div class=\"wpb_wrapper\">\n\t<div class=\"wpb_text_column wpb_content_element  vc_custom_1563428697698\" >\n\t\t<div class=\"wpb_wrapper\">\n\t\t\t<h4 style=\"text-align: center;\">Concerto<\/h4>\n\n\t\t<\/div>\n\t<\/div>\n<h1 style=\"text-align: center\" class=\"vc_custom_heading post-title\" >ILDIKO RAIMONDI &amp; PHILHARMONIA SCHRAMMELN WIEN Servus Vienna!<\/h1>\n\t<div class=\"wpb_text_column wpb_content_element  vc_custom_1575473441927 post-date-time\" >\n\t\t<div class=\"wpb_wrapper\">\n\t\t\t<h5 style=\"text-align: center;\"><span>Ven<\/span> <span>17.<\/span> <span>Maggio<\/span> <span>2024<\/span><br \/>\n<span class=\"post-time\">20:00<\/span><\/h5>\n<div class=\"post-pricing\" style=\"text-align: center;\"><div class=\"entry-karten karten-1\">\u20ac 59<\/div><div class=\"entry-karten karten-2\">\u20ac 45<\/div><div class=\"entry-karten karten-3\">\u20ac 29<\/div><\/div>\n<p style=\"text-align: center; margin-top: 20px;\"><div class=\"vc_btn3-container entry-button vc_btn3-center\" style=\"margin: 21px 0;\"><a class=\"vc_general vc_btn3 vc_btn3-size-md vc_btn3-shape-square vc_btn3-style-outline vc_btn3-icon-right vc_btn3-color-chino\" style=\"border-bottom:2px solid #7c7640;\" href=\"#saalplan\" title=\"Prenota i biglietti\">BIGLIETTI <i class=\"vc_btn3-icon fa fa-angle-right\"><\/i><\/a><\/div>\n\n\t\t<\/div>\n\t<\/div>\n<\/div><\/div><\/div><\/div><\/div><\/section><section class=\"light-wrapper normal-padding vc_row wpb_row vc_row-fluid light-wrapper normal-padding\"><div class=\"container\"><div class=\"row\"><div class=\"wpb_column vc_column_container col-sm-5\"><div class=\"vc_column-inner\"><div class=\"wpb_wrapper\">\n\t<div  class=\"wpb_single_image wpb_content_element vc_align_left  vc_custom_1563789399289\">\n\t\t\n\t\t<figure class=\"wpb_wrapper vc_figure\">\n\t\t\t<div class=\"vc_single_image-wrapper vc_box_shadow  vc_box_border_grey\"><img loading=\"lazy\" decoding=\"async\" data-vc-zoom=\"https:\/\/festspiele-taggenbrunn.at\/wp-content\/uploads\/Portrait_IldikoRaimondi_\u00a9-Michael-Poehn-klein-931x1024.jpg\" width=\"2327\" height=\"2560\" src=\"https:\/\/festspiele-taggenbrunn.at\/wp-content\/uploads\/Portrait_IldikoRaimondi_\u00a9-Michael-Poehn-klein-scaled.jpg\" class=\"vc_single_image-img attachment-full\" alt=\"\" title=\"IldikoRaimondi\" srcset=\"https:\/\/festspiele-taggenbrunn.at\/wp-content\/uploads\/Portrait_IldikoRaimondi_\u00a9-Michael-Poehn-klein-scaled.jpg 2327w, https:\/\/festspiele-taggenbrunn.at\/wp-content\/uploads\/Portrait_IldikoRaimondi_\u00a9-Michael-Poehn-klein-273x300.jpg 273w, https:\/\/festspiele-taggenbrunn.at\/wp-content\/uploads\/Portrait_IldikoRaimondi_\u00a9-Michael-Poehn-klein-931x1024.jpg 931w, https:\/\/festspiele-taggenbrunn.at\/wp-content\/uploads\/Portrait_IldikoRaimondi_\u00a9-Michael-Poehn-klein-768x845.jpg 768w, https:\/\/festspiele-taggenbrunn.at\/wp-content\/uploads\/Portrait_IldikoRaimondi_\u00a9-Michael-Poehn-klein-1396x1536.jpg 1396w, https:\/\/festspiele-taggenbrunn.at\/wp-content\/uploads\/Portrait_IldikoRaimondi_\u00a9-Michael-Poehn-klein-1862x2048.jpg 1862w\" sizes=\"(max-width: 2327px) 100vw, 2327px\" \/><\/div><figcaption class=\"vc_figure-caption\">Michael Poehn<\/figcaption>\n\t\t<\/figure>\n\t<\/div>\n<\/div><\/div><\/div><div class=\"wpb_column vc_column_container col-sm-3\"><div class=\"vc_column-inner\"><div class=\"wpb_wrapper\"><h3 style=\"text-align: left\" class=\"vc_custom_heading post-info-header\" >ARTISTI<\/h3>\n\t<div class=\"wpb_text_column wpb_content_element\" >\n\t\t<div class=\"wpb_wrapper\">\n\t\t\t<a href=\"#kuenstler\"><h5 class=\"post-interpret\">Ildiko Raimondi<\/h5><\/a><span class=\"post-interpret-role\">Soprano<\/span><a href=\"#kuenstler\"><h5 class=\"post-interpret\">Filarmonia Schrammeln<\/h5><\/a>\n\n\t\t<\/div>\n\t<\/div>\n<\/div><\/div><\/div><div class=\"wpb_column vc_column_container col-sm-4\"><div class=\"vc_column-inner\"><div class=\"wpb_wrapper\">\n\t<div class=\"wpb_text_column wpb_content_element  vc_custom_1563526810355\" >\n\t\t<div class=\"wpb_wrapper\">\n\t\t\t\n\n\t\t<\/div>\n\t<\/div>\n\n\t<div class=\"wpb_text_column wpb_content_element  vc_custom_1563526833175\" >\n\t\t<div class=\"wpb_wrapper\">\n\t\t\t\n\n\t\t<\/div>\n\t<\/div>\n\n\t<div class=\"wpb_text_column wpb_content_element\" >\n\t\t<div class=\"wpb_wrapper\">\n\t\t\t\n\n\t\t<\/div>\n\t<\/div>\n<\/div><\/div><\/div><\/div><\/div><\/section><div class=\"row light-wrapper  light-wrapper normal-padding  light-wrapper normal-padding\"><div class=\"wpb_column vc_column_container col-sm-12\"><div class=\"vc_column-inner\"><div class=\"wpb_wrapper\"><section class=\"page-title page-title-3 bg-secondary\">\n\t\t\t\t<div class=\"container\">\n\t\t\t\t    <div class=\"row\">\n\t\t\t\t    \n\t\t\t\t        <div class=\"col-sm-12 text-center\">\n\t\t\t\t            <h3 class=\"uppercase mb0\">\n\t\t\t\t            \t PROGRAMMA\n\t\t\t\t            <\/h3>\n\t\t\t\t        <\/div>\n\t\t\t\t    <\/div>\n\t\t\t\t<\/div>\n\t\t\t\t<ol class=\"breadcrumb breadcrumb-2\"><li><a href=\"https:\/\/festspiele-taggenbrunn.at\/it\/\" class=\"home-link\" rel=\"home\">Casa<\/a><\/li><li class=\"active\">ILDIKO RAIMONDI &amp; PHILHARMONIA SCHRAMMELN WIEN Servus Vienna!<\/li><\/ol>\n\t\t\t<\/section>\n\t\t<\/div><\/div><\/div><\/div><section class=\"light-wrapper normal-padding vc_row wpb_row vc_row-fluid light-wrapper normal-padding\"><div class=\"container\"><div class=\"row\"><div class=\"wpb_column vc_column_container col-sm-2\"><div class=\"vc_column-inner\"><div class=\"wpb_wrapper\"><\/div><\/div><\/div><div class=\"wpb_column vc_column_container col-sm-8\"><div class=\"vc_column-inner\"><div class=\"wpb_wrapper\"><div class=\"vc_acf post-program vc_txt_align_left field_5d2ece01bf4f8\"><p>I Philharmonia Schrammeln sono un'istituzione a Vienna da decenni e hanno la fortuna di poter presentare musica Schrammel viennese in gran parte originale. Il fulcro delle attivit\u00e0 musicali dell'ensemble \u00e8 il ciclo di concerti nella Brahmssaal del Wiener Musikverein, che dura ormai da 20 anni.<\/p>\n<p>Insieme al soprano Ildiko Raimondi, che fa parte dell'Opera di Stato di Vienna dal 1991 e vi ha cantato oltre 50 ruoli d'opera, il celebre ensemble delizier\u00e0 il pubblico del Festival di Taggenbrunn con musiche di Johann Strauss, Carl Michael Ziehrer e dei fratelli Schrammel.<\/p>\n<\/div><\/div><\/div><\/div><div class=\"wpb_column vc_column_container col-sm-2\"><div class=\"vc_column-inner\"><div class=\"wpb_wrapper\"><\/div><\/div><\/div><\/div><\/div><\/section><a id=\"kuenstler\" class=\"in-page-link\" href=\"#\"><\/a><div class=\"row light-wrapper  light-wrapper normal-padding  light-wrapper normal-padding\"><div class=\"wpb_column vc_column_container col-sm-12\"><div class=\"vc_column-inner\"><div class=\"wpb_wrapper\"><section class=\"page-title page-title-3 bg-secondary\">\n\t\t\t\t<div class=\"container\">\n\t\t\t\t    <div class=\"row\">\n\t\t\t\t    \n\t\t\t\t        <div class=\"col-sm-12 text-center\">\n\t\t\t\t            <h3 class=\"uppercase mb0\">\n\t\t\t\t            \t ARTISTI\n\t\t\t\t            <\/h3>\n\t\t\t\t        <\/div>\n\t\t\t\t    <\/div>\n\t\t\t\t<\/div>\n\t\t\t\t<ol class=\"breadcrumb breadcrumb-2\"><li><a href=\"https:\/\/festspiele-taggenbrunn.at\/it\/\" class=\"home-link\" rel=\"home\">Casa<\/a><\/li><li class=\"active\">ILDIKO RAIMONDI &amp; PHILHARMONIA SCHRAMMELN WIEN Servus Vienna!<\/li><\/ol>\n\t\t\t<\/section>\n\t\t<\/div><\/div><\/div><\/div><section class=\"post-biografie light-wrapper normal-padding vc_row wpb_row vc_row-fluid post-biografie light-wrapper normal-padding\"><div class=\"container\"><div class=\"row\"><div class=\"wpb_column vc_column_container col-sm-12 col-md-offset-1 col-md-10 col-xs-12\"><div class=\"vc_column-inner\"><div class=\"wpb_wrapper\">\n\t<div class=\"wpb_text_column wpb_content_element  vc_custom_1563796036003\" >\n\t\t<div class=\"wpb_wrapper\">\n\t\t\t\n\t\t<div class=\"tabbed-content button-tabs text-center\">\n\t\t    <ul class=\"tabs\">\n\t\t        \n\t\t<li>\n\t\t    <div class=\"tab-title\">\n\t\t    \t<i class=\"icon\"><\/i>\n\t\t        <span>Ildiko Raimondi<\/span>\n\t\t    <\/div>\n\t\t    <div class=\"tab-content\"><div id=\"attachment_2022\" style=\"width: 310px\" class=\"wp-caption alignleft\"><img loading=\"lazy\" decoding=\"async\" aria-describedby=\"caption-attachment-2022\" class=\"size-medium wp-image-2022\" src=\"https:\/\/festspiele-taggenbrunn.at\/wp-content\/uploads\/Portrait_IldikoRaimondi_WEB_C_MichaelPoehn-Kopie.jpg\" width=\"300\" height=\"200\" \/><\/p>\n<p id=\"caption-attachment-2022\" class=\"wp-caption-text\">Foto \u00a9 Michael P\u00f6hn<\/p>\n<\/div>\n<article style=\"text-align: justify;\">\n<p>Ildik\u00f3 Raimondi non \u00e8 solo una celebre cantante d'opera, ma anche una nota interprete di Lied e cantante di concerti. Dal 1991 canta all'Opera di Stato di Vienna, dove ha interpretato pi\u00f9 di 50 ruoli d'opera. Le sue apparizioni come ospite l'hanno portata, tra l'altro, alla Deutsche Oper di Berlino, alla Semperoper di Dresda, alla Bavarian State Opera di Monaco di Baviera, all'Opera di Zurigo, all'Opera di Valencia e al Teatro Bolshoi di Mosca. Ha inoltre tenuto concerti, apparizioni radiofoniche e televisive in molti Paesi europei, in Giappone, a New York e in Israele, anche con l'Orchestra Filarmonica di Vienna.<br \/>\nTra i suoi impegni in festival internazionali figurano i Festival di Salisburgo e Bregenz, il Wiener Klangbogen, il Wiener Festwochen, il Festival Musica Sacra di Roma, il Festival di Edimburgo, il Richard Strauss Festival Garmisch, il Beethovenfest Bonn e il Johann Strauss Music Festival Coburg.<br \/>\nOltre al repertorio classico e all'operetta, Ildik\u00f3 Raimondi ama particolarmente la musica del XX secolo (Franz Schmidt, Arnold Sch\u00f6nberg, Alexander von Zemlinsky, Egon Wellesz, Ernst Krenek,<br \/>\nGottfried von Einem e altri), oltre alla musica contemporanea.<\/p>\n<p>Ildik\u00f3 Raimondi \u00e8 apparsa di recente all'Opera di Stato di Vienna come Dama (Cardillac), Donna Elvira (Don Giovanni), Rosalinde (Die Fledermaus), Pamina (Die Zauberfl\u00f6te), Alice (Falstaff), Musetta (La Boh\u00e8me) e nella prima mondiale dell'opera per bambini \"P\u00fcnktchen und Anton\" di Iv\u00e1n Er\u00f6d. Ha cantato la Contessa (Capriccio) al Palazzo delle Arti di Budapest e ha fatto un'apparizione come Arabella all'Opera di Stato Ungherese.<br \/>\nNumerose registrazioni in CD e DVD e registrazioni radiofoniche e televisive documentano il suo lavoro artistico.<\/p>\n<p>Ildik\u00f3 Raimondi \u00e8 una cantante da camera austriaca e ambasciatrice dell'integrazione. Dal 2015 \u00e8 docente di canto solistico presso l'Universit\u00e0 Mozarteum di Salisburgo.<\/p>\n<\/article>\n<\/div>\n\t\t<\/li>\n\t\n\t\t<li>\n\t\t    <div class=\"tab-title\">\n\t\t    \t<i class=\"icon\"><\/i>\n\t\t        <span>Filarmonia Schrammeln<\/span>\n\t\t    <\/div>\n\t\t    <div class=\"tab-content\"><div id=\"attachment_2252\" style=\"width: 310px\" class=\"wp-caption alignleft\"><img loading=\"lazy\" decoding=\"async\" aria-describedby=\"caption-attachment-2252\" class=\"size-medium wp-image-2252\" src=\"https:\/\/festspiele-taggenbrunn.at\/wp-content\/uploads\/Philharmonia-Schrammeln-WEB.jpg\" width=\"300\" height=\"200\" srcset=\"https:\/\/festspiele-taggenbrunn.at\/wp-content\/uploads\/Philharmonia-Schrammeln-WEB.jpg 2640w, https:\/\/festspiele-taggenbrunn.at\/wp-content\/uploads\/Philharmonia-Schrammeln-WEB-300x200.jpg 300w, https:\/\/festspiele-taggenbrunn.at\/wp-content\/uploads\/Philharmonia-Schrammeln-WEB-768x513.jpg 768w, https:\/\/festspiele-taggenbrunn.at\/wp-content\/uploads\/Philharmonia-Schrammeln-WEB-1024x683.jpg 1024w, https:\/\/festspiele-taggenbrunn.at\/wp-content\/uploads\/Philharmonia-Schrammeln-WEB-600x400.jpg 600w\" sizes=\"(max-width: 300px) 100vw, 300px\" \/><\/p>\n<p id=\"caption-attachment-2252\" class=\"wp-caption-text\">\u00a9 Philharmonia Schrammeln<\/p>\n<\/div>\n<article style=\"text-align: justify;\">\n<p>I Philharmonia Schrammeln sono un'istituzione a Vienna da decenni. L'ensemble ha assunto questo nome negli anni Settanta, quando il violinista della Filarmonica Alfons Egger ha rilevato l'ex Spilar-Schrammeln.<\/p>\n<p>Alfons Egger ha suonato il primo violino per vent'anni, presentando lui stesso quasi tutti i concerti e scrivendo numerosi arrangiamenti, molti dei quali fanno ancora parte del repertorio principale dell'ensemble. Gli \u00e8 succeduto Martin Kubik, che \u00e8 passato da secondo a primo violino e ha introdotto Andreas Gro\u00dfbauer nell'ensemble come secondo violino. Martin Kubik e Andreas Gro\u00dfbauer sono stati nominati rispettivamente nel 2010 e nel 2012 da\u00a0<strong>Johannes Tomb\u00f6ck<\/strong>\u00a0(primo violino, membro dell'Orchestra Filarmonica di Vienna) e\u00a0<strong>Dominik Hellsberg<\/strong>\u00a0 (secondo violino dell'Orchestra dell'Opera di Vienna).<\/p>\n<p>I Philharmonia Schrammeln hanno la fortuna di poter presentare la musica degli Schrammel viennesi in gran parte originale. \u00a0<strong>G\u00fcnter Haumer\u00a0<\/strong>sulla fisarmonica a bottoni viennese contralto e\u00a0<strong>Heinz Hromada<\/strong> sul contraguitar e <strong>Stefan Neubauer<\/strong> con clarinetto in La bemolle. Si possono cos\u00ec realizzare tutte le varianti di strumentazione dello storico quartetto Schrammel: Un trio composto dai due violini con controchitarra, opzionalmente esteso a un quartetto dal clarinetto in sol o dalla fisarmonica a bottoni viennese contralto, ma anche la strumentazione del quintetto, particolarmente interessante per gli arrangiamenti pi\u00f9 giovani.<\/p>\n<p>La sua musica, accolta con entusiasmo dal pubblico, \u00e8 stata documentata in numerose registrazioni, non ultima una registrazione in 15 CD dell'integrale dei Wienerlieder dai famosi \"album Kremser\" con Angelika Kirchschlager, Walter Berry e Heinz Zednik.<\/p>\n<p>Nel 2005, i Philharmonia Schrammeln sono stati protagonisti dell'intervallo del concerto di Capodanno dei Wiener Philharmoniker. Con il motto \"Sound of Images\", hanno guidato il pubblico attraverso il Musikverein di Vienna.<\/p>\n<p>Nel 2008, il CD \"Die Schrammelgeigen\" \u00e8 stato commissionato dalla Collezione di musica per strumenti antichi del Kunsthistorisches Museum di Vienna. \u00c8 stato registrato sui violini storici Zach dei fratelli Schrammel, con i manoscritti originali di Johann Schrammel utilizzati come spartiti. Nel 2015 il CD ha ricevuto il Premio Pasticcio da OE1.<\/p>\n<p>Ispirata dall'affinit\u00e0 tra la musica classica degli Schrammel e la musica di Schubert, la Philharmonia Schrammeln ha registrato nel 2011 il CD \"Seligkeit\" con KS Angelika Kirchschlager. Oltre a canzoni e pezzi strumentali di Franz Schubert, contiene anche brani di Johannes Brahms e Gustav Mahler.<\/p>\n<p>Pi\u00f9 recentemente, il CD strumentale \"Wiener K\u00fcnstler\" \u00e8 stato pubblicato da Deutsche Grammophon nell'autunno 2017, con opere dei fratelli Schrammel e di Strauss, nonch\u00e9 un arrangiamento storico del preludio del Lohengrin di Richard Wagner.<\/p>\n<p>Il fulcro delle attivit\u00e0 musicali della Philharmonia Schrammeln \u00e8 il ciclo di concerti nella Sala Brahms del Musikverein di Vienna, che dura ormai da quasi 20 anni.<\/p>\n<\/article>\n<\/div>\n\t\t<\/li>\n\t\n\t\t    <\/ul>\n\t\t<\/div>\n\t\n\n\t\t<\/div>\n\t<\/div>\n<\/div><\/div><\/div><\/div><\/div><\/section><div class=\"row light-wrapper  light-wrapper normal-padding  light-wrapper normal-padding\"><div class=\"wpb_column vc_column_container col-sm-12\"><div class=\"vc_column-inner\"><div class=\"wpb_wrapper\"><a id=\"saalplan\" class=\"in-page-link\" href=\"#\"><\/a><div class=\"row light-wrapper  light-wrapper normal-padding  light-wrapper normal-padding\"><div class=\"wpb_column vc_column_container col-sm-12\"><div class=\"vc_column-inner\"><div class=\"wpb_wrapper\"><section class=\"page-title page-title-3 bg-secondary\">\n\t\t\t\t<div class=\"container\">\n\t\t\t\t    <div class=\"row\">\n\t\t\t\t    \n\t\t\t\t        <div class=\"col-sm-12 text-center\">\n\t\t\t\t            <h3 class=\"uppercase mb0\">\n\t\t\t\t            \t BIGLIETTI\n\t\t\t\t            <\/h3>\n\t\t\t\t        <\/div>\n\t\t\t\t    <\/div>\n\t\t\t\t<\/div>\n\t\t\t\t<ol class=\"breadcrumb breadcrumb-2\"><li><a href=\"https:\/\/festspiele-taggenbrunn.at\/it\/\" class=\"home-link\" rel=\"home\">Casa<\/a><\/li><li class=\"active\">ILDIKO RAIMONDI &amp; PHILHARMONIA SCHRAMMELN WIEN Servus Vienna!<\/li><\/ol>\n\t\t\t<\/section>\n\t\t<\/div><\/div><\/div><\/div><div class=\"row light-wrapper  light-wrapper normal-padding  light-wrapper normal-padding\"><div class=\"wpb_column vc_column_container col-sm-12\"><div class=\"vc_column-inner\"><div class=\"wpb_wrapper\"><div class=\"oeticket-frame\"><iframe style=\"min-height: 100vh\" id=\"oeticket_frame\" src=\"https:\/\/www.oeticket.com\/artist\/taggenbrunner-festspiele\/taggenbrunner-festspiele-ildiko-raimondi-philharmonia-schrammeln-wien-3525103\/?affiliate=B38\"><\/iframe><\/div><\/div><\/div><\/div><\/div><\/div><\/div><\/div><\/div>\n<\/div>","protected":false},"excerpt":{"rendered":"Konzert ILDIKO RAIMONDI &#038; PHILHARMONIA SCHRAMMELN WIEN Servus Wien! Fr 17. Mai 2024 20:00 &euro; 59&euro; 45&euro; 29 TICKETS \u00a9 Michael...","protected":false},"author":5,"featured_media":3933,"comment_status":"closed","ping_status":"open","sticky":false,"template":"","format":"standard","meta":{"_acf_changed":false,"inline_featured_image":false,"footnotes":""},"categories":[75],"tags":[],"class_list":["post-3930","post","type-post","status-publish","format-standard","has-post-thumbnail","hentry","category-konzert"],"acf":[],"yoast_head":"<!-- This site is optimized with the Yoast SEO plugin v23.6 - https:\/\/yoast.com\/wordpress\/plugins\/seo\/ -->\n<title>ILDIKO RAIMONDI &amp; PHILHARMONIA SCHRAMMELN WIEN     Servus Wien! &#183; Festspiele Taggenbrunn<\/title>\n<meta name=\"robots\" content=\"index, follow, max-snippet:-1, max-image-preview:large, max-video-preview:-1\" \/>\n<link rel=\"canonical\" href=\"https:\/\/festspiele-taggenbrunn.at\/it\/ildiko-raimondi-philharmonia-schrammeln-wien\/\" \/>\n<meta property=\"og:locale\" content=\"it_IT\" \/>\n<meta property=\"og:type\" content=\"article\" \/>\n<meta property=\"og:title\" content=\"ILDIKO RAIMONDI &amp; PHILHARMONIA SCHRAMMELN WIEN     Servus Wien! &#183; Festspiele Taggenbrunn\" \/>\n<meta property=\"og:url\" content=\"https:\/\/festspiele-taggenbrunn.at\/it\/ildiko-raimondi-philharmonia-schrammeln-wien\/\" \/>\n<meta property=\"og:site_name\" content=\"Festspiele Taggenbrunn\" \/>\n<meta property=\"article:published_time\" content=\"2023-11-01T01:46:29+00:00\" \/>\n<meta property=\"article:modified_time\" content=\"2024-02-20T10:11:50+00:00\" \/>\n<meta property=\"og:image\" content=\"https:\/\/festspiele-taggenbrunn.at\/wp-content\/uploads\/Portrait_IldikoRaimondi_\u00a9-Michael-Poehn-klein-scaled.jpg\" \/>\n\t<meta property=\"og:image:width\" content=\"2327\" \/>\n\t<meta property=\"og:image:height\" content=\"2560\" \/>\n\t<meta property=\"og:image:type\" content=\"image\/jpeg\" \/>\n<meta name=\"author\" content=\"Arno Steinwieder\" \/>\n<meta name=\"twitter:card\" content=\"summary_large_image\" \/>\n<meta name=\"twitter:label1\" content=\"Scritto da\" \/>\n\t<meta name=\"twitter:data1\" content=\"Arno Steinwieder\" \/>\n\t<meta name=\"twitter:label2\" content=\"Tempo di lettura stimato\" \/>\n\t<meta name=\"twitter:data2\" content=\"2 minuti\" \/>\n<script type=\"application\/ld+json\" class=\"yoast-schema-graph\">{\"@context\":\"https:\/\/schema.org\",\"@graph\":[{\"@type\":\"Article\",\"@id\":\"https:\/\/festspiele-taggenbrunn.at\/ildiko-raimondi-philharmonia-schrammeln-wien\/#article\",\"isPartOf\":{\"@id\":\"https:\/\/festspiele-taggenbrunn.at\/ildiko-raimondi-philharmonia-schrammeln-wien\/\"},\"author\":{\"name\":\"Arno Steinwieder\",\"@id\":\"https:\/\/festspiele-taggenbrunn.at\/#\/schema\/person\/f139f5f8160605faf22565e92bbd36bb\"},\"headline\":\"ILDIKO RAIMONDI &#038; PHILHARMONIA SCHRAMMELN WIEN Servus Wien!\",\"datePublished\":\"2023-11-01T01:46:29+00:00\",\"dateModified\":\"2024-02-20T10:11:50+00:00\",\"mainEntityOfPage\":{\"@id\":\"https:\/\/festspiele-taggenbrunn.at\/ildiko-raimondi-philharmonia-schrammeln-wien\/\"},\"wordCount\":326,\"publisher\":{\"@id\":\"https:\/\/festspiele-taggenbrunn.at\/#organization\"},\"image\":{\"@id\":\"https:\/\/festspiele-taggenbrunn.at\/ildiko-raimondi-philharmonia-schrammeln-wien\/#primaryimage\"},\"thumbnailUrl\":\"https:\/\/festspiele-taggenbrunn.at\/wp-content\/uploads\/Portrait_IldikoRaimondi_\u00a9-Michael-Poehn-klein-scaled.jpg\",\"articleSection\":[\"Konzert\"],\"inLanguage\":\"it-IT\"},{\"@type\":\"WebPage\",\"@id\":\"https:\/\/festspiele-taggenbrunn.at\/ildiko-raimondi-philharmonia-schrammeln-wien\/\",\"url\":\"https:\/\/festspiele-taggenbrunn.at\/ildiko-raimondi-philharmonia-schrammeln-wien\/\",\"name\":\"ILDIKO RAIMONDI & PHILHARMONIA SCHRAMMELN WIEN Servus Wien! &#183; Festspiele Taggenbrunn\",\"isPartOf\":{\"@id\":\"https:\/\/festspiele-taggenbrunn.at\/#website\"},\"primaryImageOfPage\":{\"@id\":\"https:\/\/festspiele-taggenbrunn.at\/ildiko-raimondi-philharmonia-schrammeln-wien\/#primaryimage\"},\"image\":{\"@id\":\"https:\/\/festspiele-taggenbrunn.at\/ildiko-raimondi-philharmonia-schrammeln-wien\/#primaryimage\"},\"thumbnailUrl\":\"https:\/\/festspiele-taggenbrunn.at\/wp-content\/uploads\/Portrait_IldikoRaimondi_\u00a9-Michael-Poehn-klein-scaled.jpg\",\"datePublished\":\"2023-11-01T01:46:29+00:00\",\"dateModified\":\"2024-02-20T10:11:50+00:00\",\"breadcrumb\":{\"@id\":\"https:\/\/festspiele-taggenbrunn.at\/ildiko-raimondi-philharmonia-schrammeln-wien\/#breadcrumb\"},\"inLanguage\":\"it-IT\",\"potentialAction\":[{\"@type\":\"ReadAction\",\"target\":[\"https:\/\/festspiele-taggenbrunn.at\/ildiko-raimondi-philharmonia-schrammeln-wien\/\"]}]},{\"@type\":\"ImageObject\",\"inLanguage\":\"it-IT\",\"@id\":\"https:\/\/festspiele-taggenbrunn.at\/ildiko-raimondi-philharmonia-schrammeln-wien\/#primaryimage\",\"url\":\"https:\/\/festspiele-taggenbrunn.at\/wp-content\/uploads\/Portrait_IldikoRaimondi_\u00a9-Michael-Poehn-klein-scaled.jpg\",\"contentUrl\":\"https:\/\/festspiele-taggenbrunn.at\/wp-content\/uploads\/Portrait_IldikoRaimondi_\u00a9-Michael-Poehn-klein-scaled.jpg\",\"width\":2327,\"height\":2560,\"caption\":\"\u00a9 Michael Poehn\"},{\"@type\":\"BreadcrumbList\",\"@id\":\"https:\/\/festspiele-taggenbrunn.at\/ildiko-raimondi-philharmonia-schrammeln-wien\/#breadcrumb\",\"itemListElement\":[{\"@type\":\"ListItem\",\"position\":1,\"name\":\"Home\",\"item\":\"https:\/\/festspiele-taggenbrunn.at\/\"},{\"@type\":\"ListItem\",\"position\":2,\"name\":\"ILDIKO RAIMONDI &#038; PHILHARMONIA SCHRAMMELN WIEN Servus Wien!\"}]},{\"@type\":\"WebSite\",\"@id\":\"https:\/\/festspiele-taggenbrunn.at\/#website\",\"url\":\"https:\/\/festspiele-taggenbrunn.at\/\",\"name\":\"Festspiele Taggenbrunn\",\"description\":\"\",\"publisher\":{\"@id\":\"https:\/\/festspiele-taggenbrunn.at\/#organization\"},\"potentialAction\":[{\"@type\":\"SearchAction\",\"target\":{\"@type\":\"EntryPoint\",\"urlTemplate\":\"https:\/\/festspiele-taggenbrunn.at\/?s={search_term_string}\"},\"query-input\":{\"@type\":\"PropertyValueSpecification\",\"valueRequired\":true,\"valueName\":\"search_term_string\"}}],\"inLanguage\":\"it-IT\"},{\"@type\":\"Organization\",\"@id\":\"https:\/\/festspiele-taggenbrunn.at\/#organization\",\"name\":\"Taggenbrunner Festspiele\",\"url\":\"https:\/\/festspiele-taggenbrunn.at\/\",\"logo\":{\"@type\":\"ImageObject\",\"inLanguage\":\"it-IT\",\"@id\":\"https:\/\/festspiele-taggenbrunn.at\/#\/schema\/logo\/image\/\",\"url\":\"https:\/\/festspiele-taggenbrunn.at\/wp-content\/uploads\/Logo-TGB-Festspiele-logo.png\",\"contentUrl\":\"https:\/\/festspiele-taggenbrunn.at\/wp-content\/uploads\/Logo-TGB-Festspiele-logo.png\",\"width\":1947,\"height\":538,\"caption\":\"Taggenbrunner Festspiele\"},\"image\":{\"@id\":\"https:\/\/festspiele-taggenbrunn.at\/#\/schema\/logo\/image\/\"}},{\"@type\":\"Person\",\"@id\":\"https:\/\/festspiele-taggenbrunn.at\/#\/schema\/person\/f139f5f8160605faf22565e92bbd36bb\",\"name\":\"Arno Steinwieder\"}]}<\/script>\n<!-- \/ Yoast SEO plugin. -->","yoast_head_json":{"title":"ILDIKO RAIMONDI & PHILHARMONIA SCHRAMMELN WIEN     Servus Wien! &#183; Festspiele Taggenbrunn","robots":{"index":"index","follow":"follow","max-snippet":"max-snippet:-1","max-image-preview":"max-image-preview:large","max-video-preview":"max-video-preview:-1"},"canonical":"https:\/\/festspiele-taggenbrunn.at\/it\/ildiko-raimondi-philharmonia-schrammeln-wien\/","og_locale":"it_IT","og_type":"article","og_title":"ILDIKO RAIMONDI & PHILHARMONIA SCHRAMMELN WIEN     Servus Wien! &#183; Festspiele Taggenbrunn","og_url":"https:\/\/festspiele-taggenbrunn.at\/it\/ildiko-raimondi-philharmonia-schrammeln-wien\/","og_site_name":"Festspiele Taggenbrunn","article_published_time":"2023-11-01T01:46:29+00:00","article_modified_time":"2024-02-20T10:11:50+00:00","og_image":[{"width":2327,"height":2560,"url":"https:\/\/festspiele-taggenbrunn.at\/wp-content\/uploads\/Portrait_IldikoRaimondi_\u00a9-Michael-Poehn-klein-scaled.jpg","type":"image\/jpeg"}],"author":"Arno Steinwieder","twitter_card":"summary_large_image","twitter_misc":{"Scritto da":"Arno Steinwieder","Tempo di lettura stimato":"2 minuti"},"schema":{"@context":"https:\/\/schema.org","@graph":[{"@type":"Article","@id":"https:\/\/festspiele-taggenbrunn.at\/ildiko-raimondi-philharmonia-schrammeln-wien\/#article","isPartOf":{"@id":"https:\/\/festspiele-taggenbrunn.at\/ildiko-raimondi-philharmonia-schrammeln-wien\/"},"author":{"name":"Arno Steinwieder","@id":"https:\/\/festspiele-taggenbrunn.at\/#\/schema\/person\/f139f5f8160605faf22565e92bbd36bb"},"headline":"ILDIKO RAIMONDI &#038; PHILHARMONIA SCHRAMMELN WIEN Servus Wien!","datePublished":"2023-11-01T01:46:29+00:00","dateModified":"2024-02-20T10:11:50+00:00","mainEntityOfPage":{"@id":"https:\/\/festspiele-taggenbrunn.at\/ildiko-raimondi-philharmonia-schrammeln-wien\/"},"wordCount":326,"publisher":{"@id":"https:\/\/festspiele-taggenbrunn.at\/#organization"},"image":{"@id":"https:\/\/festspiele-taggenbrunn.at\/ildiko-raimondi-philharmonia-schrammeln-wien\/#primaryimage"},"thumbnailUrl":"https:\/\/festspiele-taggenbrunn.at\/wp-content\/uploads\/Portrait_IldikoRaimondi_\u00a9-Michael-Poehn-klein-scaled.jpg","articleSection":["Konzert"],"inLanguage":"it-IT"},{"@type":"WebPage","@id":"https:\/\/festspiele-taggenbrunn.at\/ildiko-raimondi-philharmonia-schrammeln-wien\/","url":"https:\/\/festspiele-taggenbrunn.at\/ildiko-raimondi-philharmonia-schrammeln-wien\/","name":"ILDIKO RAIMONDI & PHILHARMONIA SCHRAMMELN WIEN Servus Wien! &#183; Festspiele Taggenbrunn","isPartOf":{"@id":"https:\/\/festspiele-taggenbrunn.at\/#website"},"primaryImageOfPage":{"@id":"https:\/\/festspiele-taggenbrunn.at\/ildiko-raimondi-philharmonia-schrammeln-wien\/#primaryimage"},"image":{"@id":"https:\/\/festspiele-taggenbrunn.at\/ildiko-raimondi-philharmonia-schrammeln-wien\/#primaryimage"},"thumbnailUrl":"https:\/\/festspiele-taggenbrunn.at\/wp-content\/uploads\/Portrait_IldikoRaimondi_\u00a9-Michael-Poehn-klein-scaled.jpg","datePublished":"2023-11-01T01:46:29+00:00","dateModified":"2024-02-20T10:11:50+00:00","breadcrumb":{"@id":"https:\/\/festspiele-taggenbrunn.at\/ildiko-raimondi-philharmonia-schrammeln-wien\/#breadcrumb"},"inLanguage":"it-IT","potentialAction":[{"@type":"ReadAction","target":["https:\/\/festspiele-taggenbrunn.at\/ildiko-raimondi-philharmonia-schrammeln-wien\/"]}]},{"@type":"ImageObject","inLanguage":"it-IT","@id":"https:\/\/festspiele-taggenbrunn.at\/ildiko-raimondi-philharmonia-schrammeln-wien\/#primaryimage","url":"https:\/\/festspiele-taggenbrunn.at\/wp-content\/uploads\/Portrait_IldikoRaimondi_\u00a9-Michael-Poehn-klein-scaled.jpg","contentUrl":"https:\/\/festspiele-taggenbrunn.at\/wp-content\/uploads\/Portrait_IldikoRaimondi_\u00a9-Michael-Poehn-klein-scaled.jpg","width":2327,"height":2560,"caption":"\u00a9 Michael Poehn"},{"@type":"BreadcrumbList","@id":"https:\/\/festspiele-taggenbrunn.at\/ildiko-raimondi-philharmonia-schrammeln-wien\/#breadcrumb","itemListElement":[{"@type":"ListItem","position":1,"name":"Home","item":"https:\/\/festspiele-taggenbrunn.at\/"},{"@type":"ListItem","position":2,"name":"ILDIKO RAIMONDI &#038; PHILHARMONIA SCHRAMMELN WIEN Servus Wien!"}]},{"@type":"WebSite","@id":"https:\/\/festspiele-taggenbrunn.at\/#website","url":"https:\/\/festspiele-taggenbrunn.at\/","name":"Festival di Taggenbrunn","description":"","publisher":{"@id":"https:\/\/festspiele-taggenbrunn.at\/#organization"},"potentialAction":[{"@type":"SearchAction","target":{"@type":"EntryPoint","urlTemplate":"https:\/\/festspiele-taggenbrunn.at\/?s={search_term_string}"},"query-input":{"@type":"PropertyValueSpecification","valueRequired":true,"valueName":"search_term_string"}}],"inLanguage":"it-IT"},{"@type":"Organization","@id":"https:\/\/festspiele-taggenbrunn.at\/#organization","name":"Festival di Taggenbrunn","url":"https:\/\/festspiele-taggenbrunn.at\/","logo":{"@type":"ImageObject","inLanguage":"it-IT","@id":"https:\/\/festspiele-taggenbrunn.at\/#\/schema\/logo\/image\/","url":"https:\/\/festspiele-taggenbrunn.at\/wp-content\/uploads\/Logo-TGB-Festspiele-logo.png","contentUrl":"https:\/\/festspiele-taggenbrunn.at\/wp-content\/uploads\/Logo-TGB-Festspiele-logo.png","width":1947,"height":538,"caption":"Taggenbrunner Festspiele"},"image":{"@id":"https:\/\/festspiele-taggenbrunn.at\/#\/schema\/logo\/image\/"}},{"@type":"Person","@id":"https:\/\/festspiele-taggenbrunn.at\/#\/schema\/person\/f139f5f8160605faf22565e92bbd36bb","name":"Arno Steinwieder"}]}},"_links":{"self":[{"href":"https:\/\/festspiele-taggenbrunn.at\/it\/wp-json\/wp\/v2\/posts\/3930"}],"collection":[{"href":"https:\/\/festspiele-taggenbrunn.at\/it\/wp-json\/wp\/v2\/posts"}],"about":[{"href":"https:\/\/festspiele-taggenbrunn.at\/it\/wp-json\/wp\/v2\/types\/post"}],"author":[{"embeddable":true,"href":"https:\/\/festspiele-taggenbrunn.at\/it\/wp-json\/wp\/v2\/users\/5"}],"replies":[{"embeddable":true,"href":"https:\/\/festspiele-taggenbrunn.at\/it\/wp-json\/wp\/v2\/comments?post=3930"}],"version-history":[{"count":10,"href":"https:\/\/festspiele-taggenbrunn.at\/it\/wp-json\/wp\/v2\/posts\/3930\/revisions"}],"predecessor-version":[{"id":4076,"href":"https:\/\/festspiele-taggenbrunn.at\/it\/wp-json\/wp\/v2\/posts\/3930\/revisions\/4076"}],"wp:featuredmedia":[{"embeddable":true,"href":"https:\/\/festspiele-taggenbrunn.at\/it\/wp-json\/wp\/v2\/media\/3933"}],"wp:attachment":[{"href":"https:\/\/festspiele-taggenbrunn.at\/it\/wp-json\/wp\/v2\/media?parent=3930"}],"wp:term":[{"taxonomy":"category","embeddable":true,"href":"https:\/\/festspiele-taggenbrunn.at\/it\/wp-json\/wp\/v2\/categories?post=3930"},{"taxonomy":"post_tag","embeddable":true,"href":"https:\/\/festspiele-taggenbrunn.at\/it\/wp-json\/wp\/v2\/tags?post=3930"}],"curies":[{"name":"wp","href":"https:\/\/api.w.org\/{rel}","templated":true}]}}