{"id":4571,"date":"2025-11-17T12:59:54","date_gmt":"2025-11-17T11:59:54","guid":{"rendered":"https:\/\/festspiele-taggenbrunn.at\/?p=4571"},"modified":"2026-04-06T19:34:12","modified_gmt":"2026-04-06T17:34:12","slug":"max-mueller-ja-prost-die-mahlzeit","status":"publish","type":"post","link":"https:\/\/festspiele-taggenbrunn.at\/en\/max-mueller-ja-prost-die-mahlzeit\/","title":{"rendered":"MAX M\u00dcLLER &#8211; Ja, Prost die Mahlzeit!"},"content":{"rendered":"<div class=\"wpb-content-wrapper\"><section class=\"light-wrapper normal-padding vc_row wpb_row vc_row-fluid light-wrapper normal-padding vc_custom_1563789407204\"><div class=\"container\"><div class=\"row\"><div class=\"wpb_column vc_column_container col-sm-12\"><div class=\"vc_column-inner\"><div class=\"wpb_wrapper\">\n\t<div class=\"wpb_text_column wpb_content_element  vc_custom_1563428697698\" >\n\t\t<div class=\"wpb_wrapper\">\n\t\t\t<h4 style=\"text-align: center;\">Music &amp; Words<\/h4>\n\n\t\t<\/div>\n\t<\/div>\n<h1 style=\"text-align: center\" class=\"vc_custom_heading post-title\" >MAX M\u00dcLLER &#8211; Ja, Prost die Mahlzeit!<\/h1>\n\t<div class=\"wpb_text_column wpb_content_element  vc_custom_1575473441927 post-date-time\" >\n\t\t<div class=\"wpb_wrapper\">\n\t\t\t<h5 style=\"text-align: center;\"><span>Fri<\/span> <span>29.<\/span> <span>May<\/span> <span>2026<\/span><br \/>\n<span class=\"post-time\">20:00<\/span><\/h5>\n<div class=\"post-pricing\" style=\"text-align: center;\"><div class=\"entry-karten karten-1\">\u20ac 84<\/div><div class=\"entry-karten karten-2\">\u20ac 70<\/div><div class=\"entry-karten karten-3\">\u20ac 54<\/div><\/div>\n<p style=\"text-align: center; margin-top: 20px;\"><div class=\"vc_btn3-container entry-button vc_btn3-center\" style=\"margin: 21px 0;\"><a class=\"vc_general vc_btn3 vc_btn3-size-md vc_btn3-shape-square vc_btn3-style-outline vc_btn3-icon-right vc_btn3-color-chino\" style=\"border-bottom:2px solid #7c7640;\" href=\"#saalplan\" title=\"Book tickets\">TICKETS <i class=\"vc_btn3-icon fa fa-angle-right\"><\/i><\/a><\/div>\n\n\t\t<\/div>\n\t<\/div>\n<\/div><\/div><\/div><\/div><\/div><\/section><section class=\"light-wrapper normal-padding vc_row wpb_row vc_row-fluid light-wrapper normal-padding\"><div class=\"container\"><div class=\"row\"><div class=\"wpb_column vc_column_container col-sm-5\"><div class=\"vc_column-inner\"><div class=\"wpb_wrapper\">\n\t<div  class=\"wpb_single_image wpb_content_element vc_align_left  vc_custom_1563789399289\">\n\t\t\n\t\t<figure class=\"wpb_wrapper vc_figure\">\n\t\t\t<div class=\"vc_single_image-wrapper vc_box_shadow  vc_box_border_grey\"><img loading=\"lazy\" decoding=\"async\" data-vc-zoom=\"https:\/\/festspiele-taggenbrunn.at\/wp-content\/uploads\/Foto-6-Copyright-Linda-Gschwentner-klein-1024x998.jpg\" width=\"2560\" height=\"2495\" src=\"https:\/\/festspiele-taggenbrunn.at\/wp-content\/uploads\/Foto-6-Copyright-Linda-Gschwentner-klein-scaled.jpg\" class=\"vc_single_image-img attachment-full\" alt=\"\" title=\"Photo 6 Copyright Linda Gschwentner small\" srcset=\"https:\/\/festspiele-taggenbrunn.at\/wp-content\/uploads\/Foto-6-Copyright-Linda-Gschwentner-klein-scaled.jpg 2560w, https:\/\/festspiele-taggenbrunn.at\/wp-content\/uploads\/Foto-6-Copyright-Linda-Gschwentner-klein-300x292.jpg 300w, https:\/\/festspiele-taggenbrunn.at\/wp-content\/uploads\/Foto-6-Copyright-Linda-Gschwentner-klein-1024x998.jpg 1024w, https:\/\/festspiele-taggenbrunn.at\/wp-content\/uploads\/Foto-6-Copyright-Linda-Gschwentner-klein-768x748.jpg 768w, https:\/\/festspiele-taggenbrunn.at\/wp-content\/uploads\/Foto-6-Copyright-Linda-Gschwentner-klein-1536x1497.jpg 1536w, https:\/\/festspiele-taggenbrunn.at\/wp-content\/uploads\/Foto-6-Copyright-Linda-Gschwentner-klein-2048x1996.jpg 2048w\" sizes=\"(max-width: 2560px) 100vw, 2560px\" \/><\/div><figcaption class=\"vc_figure-caption\">Max M\u00fcller<\/figcaption>\n\t\t<\/figure>\n\t<\/div>\n<\/div><\/div><\/div><div class=\"wpb_column vc_column_container col-sm-3\"><div class=\"vc_column-inner\"><div class=\"wpb_wrapper\"><h3 style=\"text-align: left\" class=\"vc_custom_heading post-info-header\" >ARTISTS<\/h3>\n\t<div class=\"wpb_text_column wpb_content_element\" >\n\t\t<div class=\"wpb_wrapper\">\n\t\t\t<a href=\"#kuenstler\"><h5 class=\"post-interpret\">Max M\u00fcller<\/h5><\/a><span class=\"post-interpret-role\">Baritone<\/span><span class=\"post-interpret-role\">Recitation<\/span><a href=\"#kuenstler\"><h5 class=\"post-interpret\">Volker Nemmer<\/h5><\/a><span class=\"post-interpret-role\">Piano<\/span>\n\n\t\t<\/div>\n\t<\/div>\n<\/div><\/div><\/div><div class=\"wpb_column vc_column_container col-sm-4\"><div class=\"vc_column-inner\"><div class=\"wpb_wrapper\">\n\t<div class=\"wpb_text_column wpb_content_element  vc_custom_1563526810355\" >\n\t\t<div class=\"wpb_wrapper\">\n\t\t\t\n\n\t\t<\/div>\n\t<\/div>\n\n\t<div class=\"wpb_text_column wpb_content_element  vc_custom_1563526833175\" >\n\t\t<div class=\"wpb_wrapper\">\n\t\t\t\n\n\t\t<\/div>\n\t<\/div>\n\n\t<div class=\"wpb_text_column wpb_content_element\" >\n\t\t<div class=\"wpb_wrapper\">\n\t\t\t\n\n\t\t<\/div>\n\t<\/div>\n<\/div><\/div><\/div><\/div><\/div><\/section><div class=\"row light-wrapper  light-wrapper normal-padding  light-wrapper normal-padding\"><div class=\"wpb_column vc_column_container col-sm-12\"><div class=\"vc_column-inner\"><div class=\"wpb_wrapper\"><section class=\"page-title page-title-3 bg-secondary\">\n\t\t\t\t<div class=\"container\">\n\t\t\t\t    <div class=\"row\">\n\t\t\t\t    \n\t\t\t\t        <div class=\"col-sm-12 text-center\">\n\t\t\t\t            <h3 class=\"uppercase mb0\">\n\t\t\t\t            \t PROGRAM\n\t\t\t\t            <\/h3>\n\t\t\t\t        <\/div>\n\t\t\t\t    <\/div>\n\t\t\t\t<\/div>\n\t\t\t\t<ol class=\"breadcrumb breadcrumb-2\"><li><a href=\"https:\/\/festspiele-taggenbrunn.at\/en\/\" class=\"home-link\" rel=\"home\">Home<\/a><\/li><li class=\"active\">MAX M\u00dcLLER &#8211; Ja, Prost die Mahlzeit!<\/li><\/ol>\n\t\t\t<\/section>\n\t\t<\/div><\/div><\/div><\/div><section class=\"light-wrapper normal-padding vc_row wpb_row vc_row-fluid light-wrapper normal-padding\"><div class=\"container\"><div class=\"row\"><div class=\"wpb_column vc_column_container col-sm-2\"><div class=\"vc_column-inner\"><div class=\"wpb_wrapper\"><\/div><\/div><\/div><div class=\"wpb_column vc_column_container col-sm-8\"><div class=\"vc_column-inner\"><div class=\"wpb_wrapper\"><div class=\"vc_acf post-program vc_txt_align_left field_5d2ece01bf4f8\"><p><strong>Max M\u00fcller<\/strong>, baritone &amp; recitation\u00a0\u00a0\u00a0\u00a0\u00a0\u00a0\u00a0\u00a0\u00a0\u00a0\u00a0\u00a0\u00a0\u00a0\u00a0\u00a0\u00a0\u00a0\u00a0\u00a0\u00a0\u00a0\u00a0\u00a0\u00a0\u00a0\u00a0\u00a0\u00a0\u00a0\u00a0\u00a0\u00a0\u00a0\u00a0\u00a0\u00a0\u00a0\u00a0\u00a0\u00a0\u00a0\u00a0\u00a0\u00a0\u00a0\u00a0\u00a0\u00a0\u00a0\u00a0\u00a0\u00a0\u00a0\u00a0\u00a0\u00a0\u00a0\u00a0\u00a0\u00a0\u00a0\u00a0\u00a0\u00a0\u00a0\u00a0\u00a0\u00a0\u00a0\u00a0\u00a0\u00a0\u00a0\u00a0\u00a0\u00a0\u00a0\u00a0\u00a0\u00a0\u00a0\u00a0\u00a0\u00a0\u00a0\u00a0\u00a0\u00a0\u00a0\u00a0\u00a0\u00a0\u00a0\u00a0\u00a0\u00a0\u00a0\u00a0\u00a0\u00a0\u00a0\u00a0\u00a0\u00a0\u00a0\u00a0\u00a0\u00a0\u00a0\u00a0\u00a0\u00a0\u00a0\u00a0\u00a0\u00a0\u00a0\u00a0\u00a0\u00a0\u00a0\u00a0\u00a0\u00a0\u00a0\u00a0\u00a0\u00a0\u00a0\u00a0\u00a0\u00a0\u00a0\u00a0 <strong>Volker Nemmer<\/strong>, Piano<\/p>\n<p><em><strong>Yes, cheers to the meal<\/strong><\/em> - Culinary delights from Kasnudl to Powidltatschkerl - from C\u00f4te du Rh\u00f4ne to Gumpoldskirchen.<br \/>\n\"Ja, Prost die Mahlzeit\" is not only a quote from Franz Grillparzer's \"Wehe dem, der l\u00fcgt\", but also the title of the musical-literary program by Max M\u00fcller, known as the charming policeman in the TV series \"Die Rosenheim-Cops\".<br \/>\nWith songs by Wolfgang Amadeus Mozart, Gioachino Rossini and Leonard Bernstein to Robert Stolz and Hermann Leopoldi as well as texts by Loriot, Heinz Erhardt and Friedrich Torberg's \"Tante Jolesch\", a cheerful but also contemplative evening is guaranteed - with humor, depth and a lot of taste.<\/p>\n<\/div><\/div><\/div><\/div><div class=\"wpb_column vc_column_container col-sm-2\"><div class=\"vc_column-inner\"><div class=\"wpb_wrapper\"><\/div><\/div><\/div><\/div><\/div><\/section><a id=\"kuenstler\" class=\"in-page-link\" href=\"#\"><\/a><div class=\"row light-wrapper  light-wrapper normal-padding  light-wrapper normal-padding\"><div class=\"wpb_column vc_column_container col-sm-12\"><div class=\"vc_column-inner\"><div class=\"wpb_wrapper\"><section class=\"page-title page-title-3 bg-secondary\">\n\t\t\t\t<div class=\"container\">\n\t\t\t\t    <div class=\"row\">\n\t\t\t\t    \n\t\t\t\t        <div class=\"col-sm-12 text-center\">\n\t\t\t\t            <h3 class=\"uppercase mb0\">\n\t\t\t\t            \t ARTISTS\n\t\t\t\t            <\/h3>\n\t\t\t\t        <\/div>\n\t\t\t\t    <\/div>\n\t\t\t\t<\/div>\n\t\t\t\t<ol class=\"breadcrumb breadcrumb-2\"><li><a href=\"https:\/\/festspiele-taggenbrunn.at\/en\/\" class=\"home-link\" rel=\"home\">Home<\/a><\/li><li class=\"active\">MAX M\u00dcLLER &#8211; Ja, Prost die Mahlzeit!<\/li><\/ol>\n\t\t\t<\/section>\n\t\t<\/div><\/div><\/div><\/div><section class=\"post-biografie light-wrapper normal-padding vc_row wpb_row vc_row-fluid post-biografie light-wrapper normal-padding\"><div class=\"container\"><div class=\"row\"><div class=\"wpb_column vc_column_container col-sm-12 col-md-offset-1 col-md-10 col-xs-12\"><div class=\"vc_column-inner\"><div class=\"wpb_wrapper\">\n\t<div class=\"wpb_text_column wpb_content_element  vc_custom_1563796036003\" >\n\t\t<div class=\"wpb_wrapper\">\n\t\t\t\n\t\t<div class=\"tabbed-content button-tabs text-center\">\n\t\t    <ul class=\"tabs\">\n\t\t        \n\t\t<li>\n\t\t    <div class=\"tab-title\">\n\t\t    \t<i class=\"icon\"><\/i>\n\t\t        <span>Max M\u00fcller<\/span>\n\t\t    <\/div>\n\t\t    <div class=\"tab-content\"><div id=\"attachment_4149\" style=\"width: 310px\" class=\"wp-caption alignleft\"><img loading=\"lazy\" decoding=\"async\" aria-describedby=\"caption-attachment-4149\" class=\"size-medium wp-image-4149\" src=\"https:\/\/festspiele-taggenbrunn.at\/wp-content\/uploads\/Foto-6-Copyright-Linda-Gschwentner-Kopie-scaled.jpg\" width=\"300\" height=\"200\" \/><\/p>\n<p id=\"caption-attachment-4149\" class=\"wp-caption-text\">Copyright Linda Gschwentner<\/p>\n<\/div>\n<article style=\"text-align: justify;\">\n<p>The actor, singer and entertainer Max M\u00fcller has long been a cult figure as the Bavarian police sergeant Michi Mohr in the successful ZDF series \"Die Rosenheim-Cops\". After studying at the University of Music and Performing Arts Vienna, Max M\u00fcller's acting career began with the leading role in the feature film \"Fleischwolf\", for which he was nominated for the Max Oph\u00fcls Prize. This was followed by numerous guest roles in TV series such as \"Kommissar Rex\", \"Schlosshotel Orth\" and \"SOKO Kitzb\u00fchel\" as well as appearances in the TV films \"Marie Bonaparte\" and \"Stefan Zweig\", among others. Max M\u00fcller's stage engagements have taken him to renowned theaters in Austria and abroad, including the Schauspielhaus Vienna, the Renaissance Theater Berlin, the Th\u00e9\u00e2tre de la Bastille in Paris and the Theater in der Josefstadt, where he was also a permanent member of the ensemble from 1993 to 2000. He has also performed at the Reichenau Festival and the M\u00f6rbisch Lake Festival.<\/p>\n<p>It is probably less well known that Max M\u00fcller is also a trained opera singer and studied at the Vienna University of Music and with renowned teachers such as Charlotte Grubenmann and Kammers\u00e4nger Walter Berry. In 2002, he made his operatic debut as a lyric baritone in the title role of the church opera \"Franziskus\" at the Carinthian Summer. Highly praised by audiences and critics, the singer also regularly performed at the Gottfried von Einem Festival from 2004 to 2011. Max M\u00fcller also designs various solo programs, since 2010 also for the Vienna Musikverein. The artist can look back on collaborations with renowned artists such as Otto Schenk, Fritz Muliar, Heinz Marecek, Sissy L\u00f6winger, Gerda Fr\u00f6hlich, Werner Schneyder, J\u00f6rg Schneider, Gunter Kr\u00e4\u00e4, Walter Bannert, Erhard Riedlsperger, Cyprien Katsaris, Karin and Doris Adam, Oleg Maisenberg and Robert Holl. His successful CD projects include the recordings \"Ewig Dein Mozart\" (2012), \"Weihnachten! Stories. Songs. Gedichte\" (2014) together with Elisabeth Daxer, \"Geschichte eines Nussknackers\" (2016) with the Munich Symphony Orchestra and \"Tierisch\" (2017) with Volker Nemmer.<\/p>\n<p>Max M\u00fcller has already been nominated for the Austrian film and television award Romy in the category \"Most popular actor series\/series\". In 2008, he was named Bavarian Honorary Commissioner, and in 2019 he was also named Hessian Honorary Commissioner. In addition, the versatile actor was named \"Carinthian of the Year\" in the \"Culture\" category in March 2018 and has been awarded the \"Star of Security\" by the Free State of Bavaria.<\/p>\n<\/article>\n<\/div>\n\t\t<\/li>\n\t\n\t\t<li>\n\t\t    <div class=\"tab-title\">\n\t\t    \t<i class=\"icon\"><\/i>\n\t\t        <span>Volker Nemmer<\/span>\n\t\t    <\/div>\n\t\t    <div class=\"tab-content\"><p><img loading=\"lazy\" decoding=\"async\" class=\"size-medium wp-image-3242\" src=\"https:\/\/festspiele-taggenbrunn.at\/wp-content\/uploads\/Volker-Nemmer.jpg\" width=\"300\" height=\"200\" \/><\/p>\n<article style=\"text-align: justify;\">\n<p>Volker Nemmer is a song accompanist, chamber musician and soloist. He studied at the University of Music and Performing Arts Vienna (instrumental and vocal teacher training) and at the Vienna Conservatory (accompaniment and song accompaniment). Concert activities in Austria, Germany, Italy, Hungary, Croatia, Liechtenstein, Sweden, Switzerland, France, England and the USA. Participation in numerous festivals, including the \"Concerti per l 'Europa\" in Venice, The Sound of Dreams (London), the Wiener Musiksommer - Klangbogen, the Colourscape Festival, the Carinthian Summer, the Festival H\u00f6rg\u00e4nge at the Wiener Konzerthaus, the Wien Modern Festival, the Allegro vivo Festival, the Capriccio concert series at the Musikverein Vienna, the European Festival Weeks Passau and numerous Jeunesse musicale concerts (Bruckner Haus Linz). Volker Nemmer has been a regular guest at the Musikverein Wien since 2010. Intensive artistic collaboration with the singers Ulla Pilz, Max M\u00fcller and Konrad Huber as well as with Hermine Haselb\u00f6ck, Anna Maria Pammer, Adrian Er\u00f6d, Matthias Hausmann, Robert Holl, Wolfgang Holzmair, Alexander Kaimbacher, Thomas Weinhappel, Mario Zeffiri and the composers Julia Tsenova, Dirk D'Ase, Herwig Reiter and Wolfram Wagner.<\/p>\n<p>Artistic collaboration with the company homunculus (1992 - 2004) and participation in the performance series \"Tanz im Exil\" at the Vienna Akademietheater (ballet of the Vienna Volksoper), at the Impulstanz Festival 2005, at the festival \"\u00d6sterreich tanzt 08\" at the Festspielhaus St. P\u00f6lten and at the dance festival \"Ber\u00fchrungen\" 2008 at the Odeon.<\/p>\n<p>CD recordings with Max M\u00fcller: Ewig Dein Mozart (2012), Tierisch! (2017) and with Konrad Huber: Fahrende Gesellen - Eine Zeitreise (2018).<\/p>\n<p>&nbsp;<\/p>\n<\/article>\n<\/div>\n\t\t<\/li>\n\t\n\t\t    <\/ul>\n\t\t<\/div>\n\t\n\n\t\t<\/div>\n\t<\/div>\n<\/div><\/div><\/div><\/div><\/div><\/section><div class=\"row light-wrapper  light-wrapper normal-padding  light-wrapper normal-padding\"><div class=\"wpb_column vc_column_container col-sm-12\"><div class=\"vc_column-inner\"><div class=\"wpb_wrapper\"><a id=\"saalplan\" class=\"in-page-link\" href=\"#\"><\/a><div class=\"row light-wrapper  light-wrapper normal-padding  light-wrapper normal-padding\"><div class=\"wpb_column vc_column_container col-sm-12\"><div class=\"vc_column-inner\"><div class=\"wpb_wrapper\"><section class=\"page-title page-title-3 bg-secondary\">\n\t\t\t\t<div class=\"container\">\n\t\t\t\t    <div class=\"row\">\n\t\t\t\t    \n\t\t\t\t        <div class=\"col-sm-12 text-center\">\n\t\t\t\t            <h3 class=\"uppercase mb0\">\n\t\t\t\t            \t TICKETS\n\t\t\t\t            <\/h3>\n\t\t\t\t        <\/div>\n\t\t\t\t    <\/div>\n\t\t\t\t<\/div>\n\t\t\t\t<ol class=\"breadcrumb breadcrumb-2\"><li><a href=\"https:\/\/festspiele-taggenbrunn.at\/en\/\" class=\"home-link\" rel=\"home\">Home<\/a><\/li><li class=\"active\">MAX M\u00dcLLER &#8211; Ja, Prost die Mahlzeit!<\/li><\/ol>\n\t\t\t<\/section>\n\t\t<\/div><\/div><\/div><\/div><div class=\"row light-wrapper  light-wrapper normal-padding  light-wrapper normal-padding\"><div class=\"wpb_column vc_column_container col-sm-12\"><div class=\"vc_column-inner\"><div class=\"wpb_wrapper\"><div class=\"oeticket-frame\"><iframe style=\"min-height: 100vh\" id=\"oeticket_frame\" src=\"https:\/\/www.oeticket.com\/event\/festspiele-taggenbrunn-max-mueller-ja-prost-die-mahlzeit-burg-taggenbrunn-20959712\/?affiliate=I77\"><\/iframe><\/div><\/div><\/div><\/div><\/div><\/div><\/div><\/div><\/div>\n<\/div>","protected":false},"excerpt":{"rendered":"Musik &amp; Worte MAX M\u00dcLLER &#8211; Ja, Prost die Mahlzeit! Fr 29. Mai 2026 20:00 &euro; 84&euro; 70&euro; 54 TICKETS Max...","protected":false},"author":7,"featured_media":4481,"comment_status":"closed","ping_status":"open","sticky":false,"template":"","format":"standard","meta":{"_acf_changed":false,"inline_featured_image":false,"footnotes":""},"categories":[60],"tags":[],"class_list":["post-4571","post","type-post","status-publish","format-standard","has-post-thumbnail","hentry","category-musik-und-worte"],"acf":[],"yoast_head":"<!-- This site is optimized with the Yoast SEO plugin v23.6 - https:\/\/yoast.com\/wordpress\/plugins\/seo\/ -->\n<title>MAX M\u00dcLLER - Ja, Prost die Mahlzeit! &#183; Festspiele Taggenbrunn<\/title>\n<meta name=\"robots\" content=\"index, follow, max-snippet:-1, max-image-preview:large, max-video-preview:-1\" \/>\n<link rel=\"canonical\" href=\"https:\/\/festspiele-taggenbrunn.at\/en\/max-mueller-ja-prost-die-mahlzeit\/\" \/>\n<meta property=\"og:locale\" content=\"en_US\" \/>\n<meta property=\"og:type\" content=\"article\" \/>\n<meta property=\"og:title\" content=\"MAX M\u00dcLLER - Ja, Prost die Mahlzeit! &#183; Festspiele Taggenbrunn\" \/>\n<meta property=\"og:url\" content=\"https:\/\/festspiele-taggenbrunn.at\/en\/max-mueller-ja-prost-die-mahlzeit\/\" \/>\n<meta property=\"og:site_name\" content=\"Festspiele Taggenbrunn\" \/>\n<meta property=\"article:published_time\" content=\"2025-11-17T11:59:54+00:00\" \/>\n<meta property=\"article:modified_time\" content=\"2026-04-06T17:34:12+00:00\" \/>\n<meta property=\"og:image\" content=\"https:\/\/festspiele-taggenbrunn.at\/wp-content\/uploads\/Foto-6-Copyright-Linda-Gschwentner-klein-scaled.jpg\" \/>\n\t<meta property=\"og:image:width\" content=\"2560\" \/>\n\t<meta property=\"og:image:height\" content=\"2495\" \/>\n\t<meta property=\"og:image:type\" content=\"image\/jpeg\" \/>\n<meta name=\"author\" content=\"Arno Steinwieder\" \/>\n<meta name=\"twitter:card\" content=\"summary_large_image\" \/>\n<meta name=\"twitter:label1\" content=\"Written by\" \/>\n\t<meta name=\"twitter:data1\" content=\"Arno Steinwieder\" \/>\n\t<meta name=\"twitter:label2\" content=\"Est. reading time\" \/>\n\t<meta name=\"twitter:data2\" content=\"2 minutes\" \/>\n<script type=\"application\/ld+json\" class=\"yoast-schema-graph\">{\"@context\":\"https:\/\/schema.org\",\"@graph\":[{\"@type\":\"Article\",\"@id\":\"https:\/\/festspiele-taggenbrunn.at\/max-mueller-ja-prost-die-mahlzeit\/#article\",\"isPartOf\":{\"@id\":\"https:\/\/festspiele-taggenbrunn.at\/max-mueller-ja-prost-die-mahlzeit\/\"},\"author\":{\"name\":\"Arno Steinwieder\",\"@id\":\"https:\/\/festspiele-taggenbrunn.at\/#\/schema\/person\/e8922022d934367e30131abc485911b2\"},\"headline\":\"MAX M\u00dcLLER &#8211; Ja, Prost die Mahlzeit!\",\"datePublished\":\"2025-11-17T11:59:54+00:00\",\"dateModified\":\"2026-04-06T17:34:12+00:00\",\"mainEntityOfPage\":{\"@id\":\"https:\/\/festspiele-taggenbrunn.at\/max-mueller-ja-prost-die-mahlzeit\/\"},\"wordCount\":327,\"publisher\":{\"@id\":\"https:\/\/festspiele-taggenbrunn.at\/#organization\"},\"image\":{\"@id\":\"https:\/\/festspiele-taggenbrunn.at\/max-mueller-ja-prost-die-mahlzeit\/#primaryimage\"},\"thumbnailUrl\":\"https:\/\/festspiele-taggenbrunn.at\/wp-content\/uploads\/Foto-6-Copyright-Linda-Gschwentner-klein-scaled.jpg\",\"articleSection\":[\"Musik &amp; Worte\"],\"inLanguage\":\"en-US\"},{\"@type\":\"WebPage\",\"@id\":\"https:\/\/festspiele-taggenbrunn.at\/max-mueller-ja-prost-die-mahlzeit\/\",\"url\":\"https:\/\/festspiele-taggenbrunn.at\/max-mueller-ja-prost-die-mahlzeit\/\",\"name\":\"MAX M\u00dcLLER - Ja, Prost die Mahlzeit! &#183; Festspiele Taggenbrunn\",\"isPartOf\":{\"@id\":\"https:\/\/festspiele-taggenbrunn.at\/#website\"},\"primaryImageOfPage\":{\"@id\":\"https:\/\/festspiele-taggenbrunn.at\/max-mueller-ja-prost-die-mahlzeit\/#primaryimage\"},\"image\":{\"@id\":\"https:\/\/festspiele-taggenbrunn.at\/max-mueller-ja-prost-die-mahlzeit\/#primaryimage\"},\"thumbnailUrl\":\"https:\/\/festspiele-taggenbrunn.at\/wp-content\/uploads\/Foto-6-Copyright-Linda-Gschwentner-klein-scaled.jpg\",\"datePublished\":\"2025-11-17T11:59:54+00:00\",\"dateModified\":\"2026-04-06T17:34:12+00:00\",\"breadcrumb\":{\"@id\":\"https:\/\/festspiele-taggenbrunn.at\/max-mueller-ja-prost-die-mahlzeit\/#breadcrumb\"},\"inLanguage\":\"en-US\",\"potentialAction\":[{\"@type\":\"ReadAction\",\"target\":[\"https:\/\/festspiele-taggenbrunn.at\/max-mueller-ja-prost-die-mahlzeit\/\"]}]},{\"@type\":\"ImageObject\",\"inLanguage\":\"en-US\",\"@id\":\"https:\/\/festspiele-taggenbrunn.at\/max-mueller-ja-prost-die-mahlzeit\/#primaryimage\",\"url\":\"https:\/\/festspiele-taggenbrunn.at\/wp-content\/uploads\/Foto-6-Copyright-Linda-Gschwentner-klein-scaled.jpg\",\"contentUrl\":\"https:\/\/festspiele-taggenbrunn.at\/wp-content\/uploads\/Foto-6-Copyright-Linda-Gschwentner-klein-scaled.jpg\",\"width\":2560,\"height\":2495,\"caption\":\"Max M\u00fcller\"},{\"@type\":\"BreadcrumbList\",\"@id\":\"https:\/\/festspiele-taggenbrunn.at\/max-mueller-ja-prost-die-mahlzeit\/#breadcrumb\",\"itemListElement\":[{\"@type\":\"ListItem\",\"position\":1,\"name\":\"Home\",\"item\":\"https:\/\/festspiele-taggenbrunn.at\/\"},{\"@type\":\"ListItem\",\"position\":2,\"name\":\"MAX M\u00dcLLER &#8211; Ja, Prost die Mahlzeit!\"}]},{\"@type\":\"WebSite\",\"@id\":\"https:\/\/festspiele-taggenbrunn.at\/#website\",\"url\":\"https:\/\/festspiele-taggenbrunn.at\/\",\"name\":\"Festspiele Taggenbrunn\",\"description\":\"\",\"publisher\":{\"@id\":\"https:\/\/festspiele-taggenbrunn.at\/#organization\"},\"potentialAction\":[{\"@type\":\"SearchAction\",\"target\":{\"@type\":\"EntryPoint\",\"urlTemplate\":\"https:\/\/festspiele-taggenbrunn.at\/?s={search_term_string}\"},\"query-input\":{\"@type\":\"PropertyValueSpecification\",\"valueRequired\":true,\"valueName\":\"search_term_string\"}}],\"inLanguage\":\"en-US\"},{\"@type\":\"Organization\",\"@id\":\"https:\/\/festspiele-taggenbrunn.at\/#organization\",\"name\":\"Taggenbrunner Festspiele\",\"url\":\"https:\/\/festspiele-taggenbrunn.at\/\",\"logo\":{\"@type\":\"ImageObject\",\"inLanguage\":\"en-US\",\"@id\":\"https:\/\/festspiele-taggenbrunn.at\/#\/schema\/logo\/image\/\",\"url\":\"https:\/\/festspiele-taggenbrunn.at\/wp-content\/uploads\/Logo-TGB-Festspiele-logo.png\",\"contentUrl\":\"https:\/\/festspiele-taggenbrunn.at\/wp-content\/uploads\/Logo-TGB-Festspiele-logo.png\",\"width\":1947,\"height\":538,\"caption\":\"Taggenbrunner Festspiele\"},\"image\":{\"@id\":\"https:\/\/festspiele-taggenbrunn.at\/#\/schema\/logo\/image\/\"}},{\"@type\":\"Person\",\"@id\":\"https:\/\/festspiele-taggenbrunn.at\/#\/schema\/person\/e8922022d934367e30131abc485911b2\",\"name\":\"Arno Steinwieder\"}]}<\/script>\n<!-- \/ Yoast SEO plugin. -->","yoast_head_json":{"title":"MAX M\u00dcLLER - Ja, Prost die Mahlzeit! &#183; Festspiele Taggenbrunn","robots":{"index":"index","follow":"follow","max-snippet":"max-snippet:-1","max-image-preview":"max-image-preview:large","max-video-preview":"max-video-preview:-1"},"canonical":"https:\/\/festspiele-taggenbrunn.at\/en\/max-mueller-ja-prost-die-mahlzeit\/","og_locale":"en_US","og_type":"article","og_title":"MAX M\u00dcLLER - Ja, Prost die Mahlzeit! &#183; Festspiele Taggenbrunn","og_url":"https:\/\/festspiele-taggenbrunn.at\/en\/max-mueller-ja-prost-die-mahlzeit\/","og_site_name":"Festspiele Taggenbrunn","article_published_time":"2025-11-17T11:59:54+00:00","article_modified_time":"2026-04-06T17:34:12+00:00","og_image":[{"width":2560,"height":2495,"url":"https:\/\/festspiele-taggenbrunn.at\/wp-content\/uploads\/Foto-6-Copyright-Linda-Gschwentner-klein-scaled.jpg","type":"image\/jpeg"}],"author":"Arno Steinwieder","twitter_card":"summary_large_image","twitter_misc":{"Written by":"Arno Steinwieder","Est. reading time":"2 minutes"},"schema":{"@context":"https:\/\/schema.org","@graph":[{"@type":"Article","@id":"https:\/\/festspiele-taggenbrunn.at\/max-mueller-ja-prost-die-mahlzeit\/#article","isPartOf":{"@id":"https:\/\/festspiele-taggenbrunn.at\/max-mueller-ja-prost-die-mahlzeit\/"},"author":{"name":"Arno Steinwieder","@id":"https:\/\/festspiele-taggenbrunn.at\/#\/schema\/person\/e8922022d934367e30131abc485911b2"},"headline":"MAX M\u00dcLLER &#8211; Ja, Prost die Mahlzeit!","datePublished":"2025-11-17T11:59:54+00:00","dateModified":"2026-04-06T17:34:12+00:00","mainEntityOfPage":{"@id":"https:\/\/festspiele-taggenbrunn.at\/max-mueller-ja-prost-die-mahlzeit\/"},"wordCount":327,"publisher":{"@id":"https:\/\/festspiele-taggenbrunn.at\/#organization"},"image":{"@id":"https:\/\/festspiele-taggenbrunn.at\/max-mueller-ja-prost-die-mahlzeit\/#primaryimage"},"thumbnailUrl":"https:\/\/festspiele-taggenbrunn.at\/wp-content\/uploads\/Foto-6-Copyright-Linda-Gschwentner-klein-scaled.jpg","articleSection":["Musik &amp; Worte"],"inLanguage":"en-US"},{"@type":"WebPage","@id":"https:\/\/festspiele-taggenbrunn.at\/max-mueller-ja-prost-die-mahlzeit\/","url":"https:\/\/festspiele-taggenbrunn.at\/max-mueller-ja-prost-die-mahlzeit\/","name":"MAX M\u00dcLLER - Ja, Prost die Mahlzeit! &#183; Festspiele Taggenbrunn","isPartOf":{"@id":"https:\/\/festspiele-taggenbrunn.at\/#website"},"primaryImageOfPage":{"@id":"https:\/\/festspiele-taggenbrunn.at\/max-mueller-ja-prost-die-mahlzeit\/#primaryimage"},"image":{"@id":"https:\/\/festspiele-taggenbrunn.at\/max-mueller-ja-prost-die-mahlzeit\/#primaryimage"},"thumbnailUrl":"https:\/\/festspiele-taggenbrunn.at\/wp-content\/uploads\/Foto-6-Copyright-Linda-Gschwentner-klein-scaled.jpg","datePublished":"2025-11-17T11:59:54+00:00","dateModified":"2026-04-06T17:34:12+00:00","breadcrumb":{"@id":"https:\/\/festspiele-taggenbrunn.at\/max-mueller-ja-prost-die-mahlzeit\/#breadcrumb"},"inLanguage":"en-US","potentialAction":[{"@type":"ReadAction","target":["https:\/\/festspiele-taggenbrunn.at\/max-mueller-ja-prost-die-mahlzeit\/"]}]},{"@type":"ImageObject","inLanguage":"en-US","@id":"https:\/\/festspiele-taggenbrunn.at\/max-mueller-ja-prost-die-mahlzeit\/#primaryimage","url":"https:\/\/festspiele-taggenbrunn.at\/wp-content\/uploads\/Foto-6-Copyright-Linda-Gschwentner-klein-scaled.jpg","contentUrl":"https:\/\/festspiele-taggenbrunn.at\/wp-content\/uploads\/Foto-6-Copyright-Linda-Gschwentner-klein-scaled.jpg","width":2560,"height":2495,"caption":"Max M\u00fcller"},{"@type":"BreadcrumbList","@id":"https:\/\/festspiele-taggenbrunn.at\/max-mueller-ja-prost-die-mahlzeit\/#breadcrumb","itemListElement":[{"@type":"ListItem","position":1,"name":"Home","item":"https:\/\/festspiele-taggenbrunn.at\/"},{"@type":"ListItem","position":2,"name":"MAX M\u00dcLLER &#8211; Ja, Prost die Mahlzeit!"}]},{"@type":"WebSite","@id":"https:\/\/festspiele-taggenbrunn.at\/#website","url":"https:\/\/festspiele-taggenbrunn.at\/","name":"Taggenbrunn Festival","description":"","publisher":{"@id":"https:\/\/festspiele-taggenbrunn.at\/#organization"},"potentialAction":[{"@type":"SearchAction","target":{"@type":"EntryPoint","urlTemplate":"https:\/\/festspiele-taggenbrunn.at\/?s={search_term_string}"},"query-input":{"@type":"PropertyValueSpecification","valueRequired":true,"valueName":"search_term_string"}}],"inLanguage":"en-US"},{"@type":"Organization","@id":"https:\/\/festspiele-taggenbrunn.at\/#organization","name":"Taggenbrunn Festival","url":"https:\/\/festspiele-taggenbrunn.at\/","logo":{"@type":"ImageObject","inLanguage":"en-US","@id":"https:\/\/festspiele-taggenbrunn.at\/#\/schema\/logo\/image\/","url":"https:\/\/festspiele-taggenbrunn.at\/wp-content\/uploads\/Logo-TGB-Festspiele-logo.png","contentUrl":"https:\/\/festspiele-taggenbrunn.at\/wp-content\/uploads\/Logo-TGB-Festspiele-logo.png","width":1947,"height":538,"caption":"Taggenbrunner Festspiele"},"image":{"@id":"https:\/\/festspiele-taggenbrunn.at\/#\/schema\/logo\/image\/"}},{"@type":"Person","@id":"https:\/\/festspiele-taggenbrunn.at\/#\/schema\/person\/e8922022d934367e30131abc485911b2","name":"Arno Steinwieder"}]}},"_links":{"self":[{"href":"https:\/\/festspiele-taggenbrunn.at\/en\/wp-json\/wp\/v2\/posts\/4571"}],"collection":[{"href":"https:\/\/festspiele-taggenbrunn.at\/en\/wp-json\/wp\/v2\/posts"}],"about":[{"href":"https:\/\/festspiele-taggenbrunn.at\/en\/wp-json\/wp\/v2\/types\/post"}],"author":[{"embeddable":true,"href":"https:\/\/festspiele-taggenbrunn.at\/en\/wp-json\/wp\/v2\/users\/7"}],"replies":[{"embeddable":true,"href":"https:\/\/festspiele-taggenbrunn.at\/en\/wp-json\/wp\/v2\/comments?post=4571"}],"version-history":[{"count":16,"href":"https:\/\/festspiele-taggenbrunn.at\/en\/wp-json\/wp\/v2\/posts\/4571\/revisions"}],"predecessor-version":[{"id":4785,"href":"https:\/\/festspiele-taggenbrunn.at\/en\/wp-json\/wp\/v2\/posts\/4571\/revisions\/4785"}],"wp:featuredmedia":[{"embeddable":true,"href":"https:\/\/festspiele-taggenbrunn.at\/en\/wp-json\/wp\/v2\/media\/4481"}],"wp:attachment":[{"href":"https:\/\/festspiele-taggenbrunn.at\/en\/wp-json\/wp\/v2\/media?parent=4571"}],"wp:term":[{"taxonomy":"category","embeddable":true,"href":"https:\/\/festspiele-taggenbrunn.at\/en\/wp-json\/wp\/v2\/categories?post=4571"},{"taxonomy":"post_tag","embeddable":true,"href":"https:\/\/festspiele-taggenbrunn.at\/en\/wp-json\/wp\/v2\/tags?post=4571"}],"curies":[{"name":"wp","href":"https:\/\/api.w.org\/{rel}","templated":true}]}}